{"id":7992,"date":"2013-10-01T06:15:39","date_gmt":"2013-10-01T09:15:39","guid":{"rendered":"https:\/\/blogs.gazetaesportiva.com\/planeta-octogono\/?p=7992"},"modified":"2013-10-01T06:15:39","modified_gmt":"2013-10-01T09:15:39","slug":"dana-white-garante-que-fabricio-werdum-e-o-proximo-desafiante-ao-cinturao-do-ufc","status":"publish","type":"post","link":"https:\/\/blogs.gazetaesportiva.com\/planeta-octogono\/2013\/10\/01\/dana-white-garante-que-fabricio-werdum-e-o-proximo-desafiante-ao-cinturao-do-ufc\/","title":{"rendered":"Dana White garante que Fabr\u00edcio Werdum \u00e9 o pr\u00f3ximo desafiante ao cintur\u00e3o do UFC"},"content":{"rendered":"<figure id=\"attachment_7993\" aria-describedby=\"caption-attachment-7993\" style=\"width: 640px\" class=\"wp-caption aligncenter\"><a href=\"https:\/\/blogs.gazetaesportiva.com\/planeta-octogono\/files\/2013\/10\/IMG_6172.jpg\"><img loading=\"lazy\" decoding=\"async\" class=\" wp-image-7993 \" alt=\"Dana White confirma que Werdum \u00e9 o pr\u00f3ximo a lutar pelo t\u00edtulo - Ana Carolina\/Gazeta Press\" src=\"https:\/\/blogs.gazetaesportiva.com\/planeta-octogono\/files\/2013\/10\/IMG_6172.jpg\" width=\"640\" height=\"432\" \/><\/a><figcaption id=\"caption-attachment-7993\" class=\"wp-caption-text\">Dana White confirma que Werdum \u00e9 o pr\u00f3ximo a lutar pelo t\u00edtulo &#8211; Ana Carolina\/Gazeta Press<\/figcaption><\/figure>\n<p>&nbsp;<\/p>\n<p>Uma grande not\u00edcia para os f\u00e3s do lutador Fabr\u00edcio Werdum.<\/p>\n<p>Em coletiva realizada em S\u00e3o Paulo, o Presidente do UFC, Dana White garantiu que mais um brasileiro vai lutar por um cintur\u00e3o no UFC<\/p>\n<p>Perguntado sobre o futuro de Werdum na organiza\u00e7\u00e3o, Dana fez elogios ao lutador e garantiu que Fabr\u00edcio ser\u00e1 o pr\u00f3ximo a enfrentar o vencedor do confronto entre J\u00fanior Cigano e Cain Velasquez no UFC 166 neste m\u00eas.<\/p>\n<p>&#8220;Sim. Werdum est\u00e1 chegando. Ele est\u00e1 no caminho da disputa de cintur\u00e3o.<\/p>\n<p>Adoro o Werdum. Acabamos de fechar um novo contrato com ele. Vejo muitas coisas boas acontecendo com ele no futuro. Boas lutas.&#8221; disse o Presidente.<\/p>\n<p>Werdum fez seu \u00faltimo combate contra Rodrigo Minotauro no TUF Brasil Finale na cidade de Fortaleza em junho, n\u00e3o tinha compromisso marcado no evento.<\/p>\n<figure id=\"attachment_6087\" aria-describedby=\"caption-attachment-6087\" style=\"width: 640px\" class=\"wp-caption aligncenter\"><a href=\"https:\/\/blogs.gazetaesportiva.com\/planeta-octogono\/files\/2013\/06\/1086_09.31.2013_37685_ef_20130609.jpg\"><img loading=\"lazy\" decoding=\"async\" class=\" wp-image-6087 \" alt=\"Werdum luta pelo t\u00edtulo contra vencedor de Cigano e Velasquez - Gaspar N\u00f3brega\/Inovafoto\" src=\"https:\/\/blogs.gazetaesportiva.com\/planeta-octogono\/files\/2013\/06\/1086_09.31.2013_37685_ef_20130609.jpg\" width=\"640\" height=\"432\" \/><\/a><figcaption id=\"caption-attachment-6087\" class=\"wp-caption-text\">Werdum (direita) luta pelo t\u00edtulo contra vencedor de Cigano e Velasquez &#8211; Gaspar N\u00f3brega\/Inovafoto<\/figcaption><\/figure>\n","protected":false},"excerpt":{"rendered":"<p>&nbsp; Uma grande not\u00edcia para os f\u00e3s do lutador Fabr\u00edcio Werdum. Em coletiva realizada em S\u00e3o Paulo, o Presidente do UFC, Dana White garantiu que <a class=\"read-more\" href=\"https:\/\/blogs.gazetaesportiva.com\/planeta-octogono\/2013\/10\/01\/dana-white-garante-que-fabricio-werdum-e-o-proximo-desafiante-ao-cinturao-do-ufc\/\">leia mais<\/a><\/p>\n","protected":false},"author":33,"featured_media":7993,"comment_status":"open","ping_status":"open","sticky":false,"template":"","format":"standard","meta":{"jetpack_post_was_ever_published":false,"_jetpack_newsletter_access":"","_jetpack_dont_email_post_to_subs":false,"_jetpack_newsletter_tier_id":0,"_jetpack_memberships_contains_paywalled_content":false,"_jetpack_memberships_contains_paid_content":false,"footnotes":"","jetpack_publicize_message":"","jetpack_publicize_feature_enabled":true,"jetpack_social_post_already_shared":false,"jetpack_social_options":{"image_generator_settings":{"template":"highway","default_image_id":0,"font":"","enabled":false},"version":2}},"categories":[1],"tags":[],"class_list":["post-7992","post","type-post","status-publish","format-standard","has-post-thumbnail","hentry","category-principal"],"jetpack_publicize_connections":[],"jetpack_featured_media_url":"https:\/\/blogs.gazetaesportiva.com\/planeta-octogono\/files\/2013\/10\/IMG_6172.jpg","jetpack_sharing_enabled":true,"jetpack_shortlink":"https:\/\/wp.me\/p6rqUQ-24U","_links":{"self":[{"href":"https:\/\/blogs.gazetaesportiva.com\/planeta-octogono\/wp-json\/wp\/v2\/posts\/7992","targetHints":{"allow":["GET"]}}],"collection":[{"href":"https:\/\/blogs.gazetaesportiva.com\/planeta-octogono\/wp-json\/wp\/v2\/posts"}],"about":[{"href":"https:\/\/blogs.gazetaesportiva.com\/planeta-octogono\/wp-json\/wp\/v2\/types\/post"}],"author":[{"embeddable":true,"href":"https:\/\/blogs.gazetaesportiva.com\/planeta-octogono\/wp-json\/wp\/v2\/users\/33"}],"replies":[{"embeddable":true,"href":"https:\/\/blogs.gazetaesportiva.com\/planeta-octogono\/wp-json\/wp\/v2\/comments?post=7992"}],"version-history":[{"count":0,"href":"https:\/\/blogs.gazetaesportiva.com\/planeta-octogono\/wp-json\/wp\/v2\/posts\/7992\/revisions"}],"wp:featuredmedia":[{"embeddable":true,"href":"https:\/\/blogs.gazetaesportiva.com\/planeta-octogono\/wp-json\/wp\/v2\/media\/7993"}],"wp:attachment":[{"href":"https:\/\/blogs.gazetaesportiva.com\/planeta-octogono\/wp-json\/wp\/v2\/media?parent=7992"}],"wp:term":[{"taxonomy":"category","embeddable":true,"href":"https:\/\/blogs.gazetaesportiva.com\/planeta-octogono\/wp-json\/wp\/v2\/categories?post=7992"},{"taxonomy":"post_tag","embeddable":true,"href":"https:\/\/blogs.gazetaesportiva.com\/planeta-octogono\/wp-json\/wp\/v2\/tags?post=7992"}],"curies":[{"name":"wp","href":"https:\/\/api.w.org\/{rel}","templated":true}]}}