{"id":7987,"date":"2013-10-01T06:06:45","date_gmt":"2013-10-01T09:06:45","guid":{"rendered":"https:\/\/blogs.gazetaesportiva.com\/planeta-octogono\/?p=7987"},"modified":"2013-10-01T06:07:18","modified_gmt":"2013-10-01T09:07:18","slug":"em-media-tour-animada-dana-white-anderson-silva-e-chris-weidman-finalizam-divulgacao-do-ufc-168","status":"publish","type":"post","link":"https:\/\/blogs.gazetaesportiva.com\/planeta-octogono\/2013\/10\/01\/em-media-tour-animada-dana-white-anderson-silva-e-chris-weidman-finalizam-divulgacao-do-ufc-168\/","title":{"rendered":"Em Media Tour animada, Dana White, Anderson Silva e Chris Weidman finalizam divulga\u00e7\u00e3o do UFC 168"},"content":{"rendered":"<figure id=\"attachment_7988\" aria-describedby=\"caption-attachment-7988\" style=\"width: 640px\" class=\"wp-caption aligncenter\"><a href=\"https:\/\/blogs.gazetaesportiva.com\/planeta-octogono\/files\/2013\/10\/1086_30.46.2013_47946_ef_20130930.jpg\"><img loading=\"lazy\" decoding=\"async\" class=\" wp-image-7988 \" alt=\"Lutadores promoveram evento em S\u00e3o Paulo - Divulga\u00e7\u00e3o UFC\/Wander Roberto\" src=\"https:\/\/blogs.gazetaesportiva.com\/planeta-octogono\/files\/2013\/10\/1086_30.46.2013_47946_ef_20130930.jpg\" width=\"640\" height=\"432\" \/><\/a><figcaption id=\"caption-attachment-7988\" class=\"wp-caption-text\">Lutadores promoveram evento em S\u00e3o Paulo &#8211; Divulga\u00e7\u00e3o UFC\/Wander Roberto<\/figcaption><\/figure>\n<p>Depois de passarem por Los Angeles, Las Vegas, Nova York, Bristol, Miami e Rio de Janeiro, o rec\u00e9m-coroado campe\u00e3o peso m\u00e9dio do UFC<sup>\u00ae\u00a0<\/sup><a>Chris Weidman<\/a>\u00a0e o ex-campe\u00e3o da categoria\u00a0<a>Anderson Silva<\/a>\u00a0participaram de uma coletiva de imprensa em S\u00e3o Paulo, nesta segunda-feira, dia 30. Ao lado do presidente do UFC Dana White, os dois lutadores encerraram ap\u00f3s sete dias a press tour de promo\u00e7\u00e3o\u00a0da revanche marcada para o\u00a0<strong><em>UFC<\/em><sup>\u00ae<\/sup><em>168: WEIDMAN vs. SILVA 2<\/em><\/strong><em>.\u00a0<\/em>O aguardado confronto acontecer\u00e1 no dia 28 de dezembro, na MGM Grand Garden Arena, em LasVegas.<\/p>\n<p>Ingressos para o<em><strong>\u00a0UFC<\/strong><\/em><strong>\u00a0<\/strong><em><strong>168 <\/strong><\/em>j\u00e1 est\u00e3o \u00e0 venda e custam\u00a0$1,000, $750, $500, $300, $200 e $100 d\u00f3lares. Eles podem ser comprados pela internet em\u00a0<a href=\"http:\/\/www.mgmgrand.com\/\" target=\"_blank\">www.mgmgrand.com<\/a>\u00a0e\u00a0<a href=\"http:\/\/www.ticketmaster.com\/\" target=\"_blank\">www.ticketmaster.com<\/a>,\u00a0em todos os pontos de venda da Ticketmaster em Las Vegas (lojas seletas da\u00a0Smith\u2019s Food and Drug Centers e Ritmo Latino) ou por telefone (com cart\u00e3o de cr\u00e9dito), pelo n\u00famero (0<a href=\"tel:800%29%20745-3000\" target=\"_blank\">800) 745-3000<\/a>. Cada comprador pode adquirir, no m\u00e1ximo, oito ingressos. Os pre\u00e7os n\u00e3o incluem taxas de servi\u00e7o.<\/p>\n<p>Aberta tamb\u00e9m aos f\u00e3s, a coletiva de imprensa foi realizada em clima de cordialidade entre os lutadores. Entre eles estava o jovem Felipe Adorno, de 11 anos, h\u00e1 cinco lutando contra um c\u00e2ncer. Levado ao evento pela m\u00e3e, o pequeno f\u00e3 foi chamado ao palco por Anderson Silva e recebeu das m\u00e3os do campe\u00e3o Chris Weidman uma r\u00e9plica do cintur\u00e3o.<\/p>\n<p>O presidente do\u00a0UFC\u00a0Dana\u00a0White\u00a0deu o tom de como a revanche est\u00e1 sendo aguardada. \u201cAnderson tem feito coisas incr\u00edveis desde que entrou no\u00a0UFC. E\u00a0Weidman\u00a0veio do nada e conquistou o cintur\u00e3o. N\u00e3o importa quem vencer, essa \u00e9 uma competi\u00e7\u00e3o entre os melhores caras do mundo, ent\u00e3o quem vencer, venceu. Quando eles estiverem nos t\u00faneis, esperando para entrar no oct\u00f3gono, ser\u00e1 insano. Essa luta \u00e9, sem d\u00favidas, a que mais quero ver neste ano.\u201d, afirmou Dana\u00a0White.<\/p>\n<p>Simp\u00e1tico, o atual campe\u00e3o dos m\u00e9dios,\u00a0Chris\u00a0Weidman, manteve o mesmo discurso adotado antes da primeira luta contra Anderson Silva. Confian\u00e7a \u00e9 a palavra de ordem. \u201cEstou muito confiante. Eu queria enfrentar o Anderson desde que entrei nesse esporte h\u00e1 quatro anos. Fui l\u00e1, o venci e ganhei a oportunidade de lutar com ele mais uma vez. E pretende venc\u00ea-lo de novo.\u201d. Para o americano, a atmosfera do esporte no Brasil \u00e9 diferente, come\u00e7ando pelo reconhecimento que conquistou nas ruas do Brasil. \u201cA recep\u00e7\u00e3o \u00e9 bem diferente da primeira vez que vim para c\u00e1, quando era apenas o desafiante do Anderson. N\u00e3o sou reconhecido da forma que estou sendo aqui nem em Nova York.\u201d, exemplificou.<\/p>\n<figure id=\"attachment_7989\" aria-describedby=\"caption-attachment-7989\" style=\"width: 640px\" class=\"wp-caption aligncenter\"><a href=\"https:\/\/blogs.gazetaesportiva.com\/planeta-octogono\/files\/2013\/10\/1086_30.46.2013_47947_ef_20130930.jpg\"><img loading=\"lazy\" decoding=\"async\" class=\" wp-image-7989 \" alt=\"Lutadores presenteiam garoto que luta contra o C\u00e3ncer - Divulga\u00e7\u00e3o UFC\/Wander Roberto\" src=\"https:\/\/blogs.gazetaesportiva.com\/planeta-octogono\/files\/2013\/10\/1086_30.46.2013_47947_ef_20130930.jpg\" width=\"640\" height=\"432\" \/><\/a><figcaption id=\"caption-attachment-7989\" class=\"wp-caption-text\">Lutadores presenteiam garoto que luta contra o C\u00e3ncer &#8211; Divulga\u00e7\u00e3o UFC\/Wander Roberto<\/figcaption><\/figure>\n<p>J\u00e1 Anderson Silva preferiu comentar sobre o aspecto t\u00e9cnico da primeira luta entre ambos. \u201cN\u00e3o tenho nenhum arrependimento, a \u00fanica coisa que fiz de errado foi um erro t\u00e9cnico, que j\u00e1 fazia antes, mas nunca havia sido notado, pois eu continuava ganhando. Ningu\u00e9m quer perder na vida, \u00e9 da natureza do ser humano, mas n\u00e3o foi a primeira vez que perdi, ent\u00e3o sei lidar com isso.\u201d, comentou o recordista de defesas de t\u00edtulo consecutivas no\u00a0UFC, que prometeu n\u00e3o mudar seu estilo. \u201cN\u00e3o posso mudar quem eu sou, o meu jeito de lutar \u00e9 meu. Posso mudar essas quest\u00f5es t\u00e9cnicas. Eu ganhei experi\u00eancia, amadureci, n\u00e3o provoco mais como j\u00e1 fiz no passado, mas n\u00e3o posso mudar quem eu sou. Vou treinar muito para vencer e s\u00f3 isso que posso promoter.\u201d.<\/p>\n<p>Entre tantos assuntos abordados, a mudan\u00e7a de categoria de\u00a0Lyoto\u00a0Machida que baixou do meio-pesado para os m\u00e9dios foi discutida. Dana\u00a0White\u00a0falou sobre a possibilidade de um confronto de\u00a0Machida\u00a0ou Ronaldo Jacar\u00e9 contra Anderson Silva. \u201cEle (Anderson) \u00e9 um cara interessante, que gosta dos amigos, mas n\u00e3o se engane com o tipo de competidor que ele \u00e9. Ele sempre vai dizer que n\u00e3o vai lutar contra caras que ele respeita e treina. Mas na hora de disputar o cintur\u00e3o, eu acho que o Anderson Silva competidor vai sempre aparecer.\u201d<\/p>\n<p>Nesse momento, Anderson pediu a palavra para defender sua posi\u00e7\u00e3o. \u201cJ\u00e1 disse e vou dizer mais uma vez, eu e\u00a0Lyoto\u00a0(Machida) somos irm\u00e3os, eu e (Ronaldo) Jacar\u00e9 somos parceiros de treino e amigos. Temos um c\u00f3digo de honra e n\u00e3o lutaremos entre si, independente de pr\u00eamios, valores e cintur\u00f5es.\u201d, finalizou.<\/p>\n<p>O momento final reservou uma cena inusitada. Ao perceber que Anderson Silva estava tirando uma foto com uma garoto de 11 anos que luta contra o C\u00e2ncer, Weidman deu o cintur\u00e3o para o garoto Felipe Adorno\u00a0que h\u00e1 cinco anos est\u00e1 em tratamento contra a doen\u00e7a. O menino de 11 anos foi \u00e0 coletiva gra\u00e7as \u00e0 m\u00e3e, que entrou em contato com a organiza\u00e7\u00e3o, e se disse realizado com o encontro.<\/p>\n","protected":false},"excerpt":{"rendered":"<p>Depois de passarem por Los Angeles, Las Vegas, Nova York, Bristol, Miami e Rio de Janeiro, o rec\u00e9m-coroado campe\u00e3o peso m\u00e9dio do UFC\u00ae\u00a0Chris Weidman\u00a0e o <a class=\"read-more\" href=\"https:\/\/blogs.gazetaesportiva.com\/planeta-octogono\/2013\/10\/01\/em-media-tour-animada-dana-white-anderson-silva-e-chris-weidman-finalizam-divulgacao-do-ufc-168\/\">leia mais<\/a><\/p>\n","protected":false},"author":33,"featured_media":7989,"comment_status":"open","ping_status":"open","sticky":false,"template":"","format":"standard","meta":{"jetpack_post_was_ever_published":false,"_jetpack_newsletter_access":"","_jetpack_dont_email_post_to_subs":false,"_jetpack_newsletter_tier_id":0,"_jetpack_memberships_contains_paywalled_content":false,"_jetpack_memberships_contains_paid_content":false,"footnotes":"","jetpack_publicize_message":"","jetpack_publicize_feature_enabled":true,"jetpack_social_post_already_shared":false,"jetpack_social_options":{"image_generator_settings":{"template":"highway","default_image_id":0,"font":"","enabled":false},"version":2}},"categories":[1],"tags":[22,100,184],"class_list":["post-7987","post","type-post","status-publish","format-standard","has-post-thumbnail","hentry","category-principal","tag-anderson-silva","tag-ufc-168","tag-weidman"],"jetpack_publicize_connections":[],"jetpack_featured_media_url":"https:\/\/blogs.gazetaesportiva.com\/planeta-octogono\/files\/2013\/10\/1086_30.46.2013_47947_ef_20130930.jpg","jetpack_sharing_enabled":true,"jetpack_shortlink":"https:\/\/wp.me\/p6rqUQ-24P","_links":{"self":[{"href":"https:\/\/blogs.gazetaesportiva.com\/planeta-octogono\/wp-json\/wp\/v2\/posts\/7987","targetHints":{"allow":["GET"]}}],"collection":[{"href":"https:\/\/blogs.gazetaesportiva.com\/planeta-octogono\/wp-json\/wp\/v2\/posts"}],"about":[{"href":"https:\/\/blogs.gazetaesportiva.com\/planeta-octogono\/wp-json\/wp\/v2\/types\/post"}],"author":[{"embeddable":true,"href":"https:\/\/blogs.gazetaesportiva.com\/planeta-octogono\/wp-json\/wp\/v2\/users\/33"}],"replies":[{"embeddable":true,"href":"https:\/\/blogs.gazetaesportiva.com\/planeta-octogono\/wp-json\/wp\/v2\/comments?post=7987"}],"version-history":[{"count":0,"href":"https:\/\/blogs.gazetaesportiva.com\/planeta-octogono\/wp-json\/wp\/v2\/posts\/7987\/revisions"}],"wp:featuredmedia":[{"embeddable":true,"href":"https:\/\/blogs.gazetaesportiva.com\/planeta-octogono\/wp-json\/wp\/v2\/media\/7989"}],"wp:attachment":[{"href":"https:\/\/blogs.gazetaesportiva.com\/planeta-octogono\/wp-json\/wp\/v2\/media?parent=7987"}],"wp:term":[{"taxonomy":"category","embeddable":true,"href":"https:\/\/blogs.gazetaesportiva.com\/planeta-octogono\/wp-json\/wp\/v2\/categories?post=7987"},{"taxonomy":"post_tag","embeddable":true,"href":"https:\/\/blogs.gazetaesportiva.com\/planeta-octogono\/wp-json\/wp\/v2\/tags?post=7987"}],"curies":[{"name":"wp","href":"https:\/\/api.w.org\/{rel}","templated":true}]}}