{"id":7984,"date":"2013-09-30T06:04:15","date_gmt":"2013-09-30T09:04:15","guid":{"rendered":"https:\/\/blogs.gazetaesportiva.com\/planeta-octogono\/?p=7984"},"modified":"2013-09-30T06:11:43","modified_gmt":"2013-09-30T09:11:43","slug":"promessa-sul-coreana-doo-ho-choi-acerta-verbalmente-sua-estreia-no-ufc-em-cingapura-em-janeiro","status":"publish","type":"post","link":"https:\/\/blogs.gazetaesportiva.com\/planeta-octogono\/2013\/09\/30\/promessa-sul-coreana-doo-ho-choi-acerta-verbalmente-sua-estreia-no-ufc-em-cingapura-em-janeiro\/","title":{"rendered":"Promessa Sul Coreana, Doo Ho Choi acerta verbalmente sua estr\u00e9ia no UFC em Cingapura em Janeiro"},"content":{"rendered":"<figure id=\"attachment_6267\" aria-describedby=\"caption-attachment-6267\" style=\"width: 546px\" class=\"wp-caption aligncenter\"><a href=\"https:\/\/blogs.gazetaesportiva.com\/planeta-octogono\/files\/2013\/06\/deep2013-1.jpg\"><img loading=\"lazy\" decoding=\"async\" class=\" wp-image-6267 \" alt=\"Promessa coreana Choi Doo Ho \u00e9 contratado pelo UFC segundo publica\u00e7\u00e3o - Divulga\u00e7\u00e3o DEEP\" src=\"https:\/\/blogs.gazetaesportiva.com\/planeta-octogono\/files\/2013\/06\/deep2013-1.jpg\" width=\"546\" height=\"768\" \/><\/a><figcaption id=\"caption-attachment-6267\" class=\"wp-caption-text\">Promessa coreana Choi Doo Ho \u00e9 contratado pelo UFC segundo publica\u00e7\u00e3o &#8211; Divulga\u00e7\u00e3o DEEP<\/figcaption><\/figure>\n<p>&nbsp;<\/p>\n<p>Segundo o site Fight Nation, a promessa sul coreana Doo Ho Choi j\u00e1 tem data para fazer sua estr\u00e9ia no UFC.<\/p>\n<p>Ap\u00f3s sua contrata\u00e7\u00e3o ter sido cogitada, a publica\u00e7\u00e3o afirmou que Choi j\u00e1 est\u00e1 verbalmente acertado com a organiza\u00e7\u00e3o e vai lutar na edi\u00e7\u00e3o do UFC em Cingapura no dia 4 de Janeiro de 2014.<\/p>\n<p>Apesar do acerto, rumores dizem que o lutador ainda n\u00e3o resolveu sua situa\u00e7\u00e3o com o evento japon\u00eas DEEP, por\u00e9m a organiza\u00e7\u00e3o japonesa n\u00e3o deve dificultar o acerto do lutador com o UFC.<\/p>\n<p>Choi que \u00e9 considerado a maior promessa do MMA sul coreano, tem um cartel impressionante de 11 vit\u00f3rias e 1 derrota no MMA e est\u00e1 invicto a 9 lutas.<\/p>\n<p>O lutador chamou aten\u00e7\u00e3o do UFC ap\u00f3s uma vit\u00f3ria em uma luta espetacular contra o japon\u00eas Shoji Maruyama, no evento japon\u00eas DEEP Impact.<\/p>\n<p>&nbsp;<\/p>\n<p>Assista o combate entre Choi e Maruyama:<\/p>\n<p>[yframe url=&#8217;http:\/\/www.youtube.com\/watch?v=kvzoLJ8htbA&#8217;]<\/p>\n","protected":false},"excerpt":{"rendered":"<p>&nbsp; Segundo o site Fight Nation, a promessa sul coreana Doo Ho Choi j\u00e1 tem data para fazer sua estr\u00e9ia no UFC. Ap\u00f3s sua contrata\u00e7\u00e3o <a class=\"read-more\" href=\"https:\/\/blogs.gazetaesportiva.com\/planeta-octogono\/2013\/09\/30\/promessa-sul-coreana-doo-ho-choi-acerta-verbalmente-sua-estreia-no-ufc-em-cingapura-em-janeiro\/\">leia mais<\/a><\/p>\n","protected":false},"author":33,"featured_media":0,"comment_status":"open","ping_status":"open","sticky":false,"template":"","format":"standard","meta":{"jetpack_post_was_ever_published":false,"_jetpack_newsletter_access":"","_jetpack_dont_email_post_to_subs":false,"_jetpack_newsletter_tier_id":0,"_jetpack_memberships_contains_paywalled_content":false,"_jetpack_memberships_contains_paid_content":false,"footnotes":"","jetpack_publicize_message":"","jetpack_publicize_feature_enabled":true,"jetpack_social_post_already_shared":false,"jetpack_social_options":{"image_generator_settings":{"template":"highway","default_image_id":0,"font":"","enabled":false},"version":2}},"categories":[1],"tags":[482,41],"class_list":["post-7984","post","type-post","status-publish","format-standard","hentry","category-principal","tag-doo-ho-choi","tag-ufc"],"jetpack_publicize_connections":[],"jetpack_featured_media_url":"","jetpack_sharing_enabled":true,"jetpack_shortlink":"https:\/\/wp.me\/p6rqUQ-24M","_links":{"self":[{"href":"https:\/\/blogs.gazetaesportiva.com\/planeta-octogono\/wp-json\/wp\/v2\/posts\/7984","targetHints":{"allow":["GET"]}}],"collection":[{"href":"https:\/\/blogs.gazetaesportiva.com\/planeta-octogono\/wp-json\/wp\/v2\/posts"}],"about":[{"href":"https:\/\/blogs.gazetaesportiva.com\/planeta-octogono\/wp-json\/wp\/v2\/types\/post"}],"author":[{"embeddable":true,"href":"https:\/\/blogs.gazetaesportiva.com\/planeta-octogono\/wp-json\/wp\/v2\/users\/33"}],"replies":[{"embeddable":true,"href":"https:\/\/blogs.gazetaesportiva.com\/planeta-octogono\/wp-json\/wp\/v2\/comments?post=7984"}],"version-history":[{"count":0,"href":"https:\/\/blogs.gazetaesportiva.com\/planeta-octogono\/wp-json\/wp\/v2\/posts\/7984\/revisions"}],"wp:attachment":[{"href":"https:\/\/blogs.gazetaesportiva.com\/planeta-octogono\/wp-json\/wp\/v2\/media?parent=7984"}],"wp:term":[{"taxonomy":"category","embeddable":true,"href":"https:\/\/blogs.gazetaesportiva.com\/planeta-octogono\/wp-json\/wp\/v2\/categories?post=7984"},{"taxonomy":"post_tag","embeddable":true,"href":"https:\/\/blogs.gazetaesportiva.com\/planeta-octogono\/wp-json\/wp\/v2\/tags?post=7984"}],"curies":[{"name":"wp","href":"https:\/\/api.w.org\/{rel}","templated":true}]}}