{"id":7981,"date":"2013-09-30T05:58:01","date_gmt":"2013-09-30T08:58:01","guid":{"rendered":"https:\/\/blogs.gazetaesportiva.com\/planeta-octogono\/?p=7981"},"modified":"2013-09-30T05:58:01","modified_gmt":"2013-09-30T08:58:01","slug":"spider-revela-ter-lutado-lesionado-contra-chris-weidman-estava-apenas-85","status":"publish","type":"post","link":"https:\/\/blogs.gazetaesportiva.com\/planeta-octogono\/2013\/09\/30\/spider-revela-ter-lutado-lesionado-contra-chris-weidman-estava-apenas-85\/","title":{"rendered":"Spider revela ter lutado lesionado contra Chris Weidman: Estava apenas 85%!"},"content":{"rendered":"<figure id=\"attachment_7982\" aria-describedby=\"caption-attachment-7982\" style=\"width: 640px\" class=\"wp-caption aligncenter\"><a href=\"https:\/\/blogs.gazetaesportiva.com\/planeta-octogono\/files\/2013\/09\/1086_30.36.2013_47854_ef_20130929.jpg\"><img loading=\"lazy\" decoding=\"async\" class=\" wp-image-7982 \" alt=\"Spider conta que n\u00e3o lutou 100% com Weidman - Alexandre Loureiro\/Inovafoto\" src=\"https:\/\/blogs.gazetaesportiva.com\/planeta-octogono\/files\/2013\/09\/1086_30.36.2013_47854_ef_20130929.jpg\" width=\"640\" height=\"432\" \/><\/a><figcaption id=\"caption-attachment-7982\" class=\"wp-caption-text\">Spider conta que n\u00e3o lutou 100% com Weidman &#8211; Alexandre Loureiro\/Inovafoto<\/figcaption><\/figure>\n<p>&nbsp;<\/p>\n<p>Em uma entrevista para o site Combate.com, o brasileiro Anderson Silva confirmou os rumores que diziam que o lutador teria lutado lesionado no UFC 168, contra Chris Weidman.<\/p>\n<p>A noticia, que j\u00e1 havia sido publicada pelo site Esporte Interativo mas tinha sido negada pela equipe do lutador, foi confirmada pelo pr\u00f3prio Anderson na entrevista.<\/p>\n<p>&#8220;Foi bom tocar nesse assunto, porque eu realmente estava machucado. At\u00e9 agora ningu\u00e9m tinha tocado nesse assunto, mas isso n\u00e3o \u00e9 desculpa para a minha performance.<\/p>\n<p>Foi um pouco abaixo da costela que eu tinha fraturado antes da primeira luta contra o Sonnen. E \u00e9 isso. Eu estava com 85% da minha condi\u00e7\u00e3o f\u00edsica.&#8221; revelou Anderson.<\/p>\n<p>O lutador que foi nocauteado por Weidman no UFC 162, enfrenta novamente o americano no UFC 168, no dia 28 de dezembro em Las Vegas.<\/p>\n","protected":false},"excerpt":{"rendered":"<p>&nbsp; Em uma entrevista para o site Combate.com, o brasileiro Anderson Silva confirmou os rumores que diziam que o lutador teria lutado lesionado no UFC <a class=\"read-more\" href=\"https:\/\/blogs.gazetaesportiva.com\/planeta-octogono\/2013\/09\/30\/spider-revela-ter-lutado-lesionado-contra-chris-weidman-estava-apenas-85\/\">leia mais<\/a><\/p>\n","protected":false},"author":33,"featured_media":7982,"comment_status":"open","ping_status":"open","sticky":false,"template":"","format":"standard","meta":{"jetpack_post_was_ever_published":false,"_jetpack_newsletter_access":"","_jetpack_dont_email_post_to_subs":false,"_jetpack_newsletter_tier_id":0,"_jetpack_memberships_contains_paywalled_content":false,"_jetpack_memberships_contains_paid_content":false,"footnotes":"","jetpack_publicize_message":"","jetpack_publicize_feature_enabled":true,"jetpack_social_post_already_shared":false,"jetpack_social_options":{"image_generator_settings":{"template":"highway","default_image_id":0,"font":"","enabled":false},"version":2}},"categories":[1],"tags":[22],"class_list":["post-7981","post","type-post","status-publish","format-standard","has-post-thumbnail","hentry","category-principal","tag-anderson-silva"],"jetpack_publicize_connections":[],"jetpack_featured_media_url":"https:\/\/blogs.gazetaesportiva.com\/planeta-octogono\/files\/2013\/09\/1086_30.36.2013_47854_ef_20130929.jpg","jetpack_sharing_enabled":true,"jetpack_shortlink":"https:\/\/wp.me\/p6rqUQ-24J","_links":{"self":[{"href":"https:\/\/blogs.gazetaesportiva.com\/planeta-octogono\/wp-json\/wp\/v2\/posts\/7981","targetHints":{"allow":["GET"]}}],"collection":[{"href":"https:\/\/blogs.gazetaesportiva.com\/planeta-octogono\/wp-json\/wp\/v2\/posts"}],"about":[{"href":"https:\/\/blogs.gazetaesportiva.com\/planeta-octogono\/wp-json\/wp\/v2\/types\/post"}],"author":[{"embeddable":true,"href":"https:\/\/blogs.gazetaesportiva.com\/planeta-octogono\/wp-json\/wp\/v2\/users\/33"}],"replies":[{"embeddable":true,"href":"https:\/\/blogs.gazetaesportiva.com\/planeta-octogono\/wp-json\/wp\/v2\/comments?post=7981"}],"version-history":[{"count":0,"href":"https:\/\/blogs.gazetaesportiva.com\/planeta-octogono\/wp-json\/wp\/v2\/posts\/7981\/revisions"}],"wp:featuredmedia":[{"embeddable":true,"href":"https:\/\/blogs.gazetaesportiva.com\/planeta-octogono\/wp-json\/wp\/v2\/media\/7982"}],"wp:attachment":[{"href":"https:\/\/blogs.gazetaesportiva.com\/planeta-octogono\/wp-json\/wp\/v2\/media?parent=7981"}],"wp:term":[{"taxonomy":"category","embeddable":true,"href":"https:\/\/blogs.gazetaesportiva.com\/planeta-octogono\/wp-json\/wp\/v2\/categories?post=7981"},{"taxonomy":"post_tag","embeddable":true,"href":"https:\/\/blogs.gazetaesportiva.com\/planeta-octogono\/wp-json\/wp\/v2\/tags?post=7981"}],"curies":[{"name":"wp","href":"https:\/\/api.w.org\/{rel}","templated":true}]}}