{"id":7978,"date":"2013-09-30T05:52:19","date_gmt":"2013-09-30T08:52:19","guid":{"rendered":"https:\/\/blogs.gazetaesportiva.com\/planeta-octogono\/?p=7978"},"modified":"2013-09-30T05:52:19","modified_gmt":"2013-09-30T08:52:19","slug":"dana-white-planeja-fazer-13-edicoes-do-ufc-no-brasil-em-2014","status":"publish","type":"post","link":"https:\/\/blogs.gazetaesportiva.com\/planeta-octogono\/2013\/09\/30\/dana-white-planeja-fazer-13-edicoes-do-ufc-no-brasil-em-2014\/","title":{"rendered":"Dana White planeja fazer 13 edi\u00e7\u00f5es do UFC no Brasil em 2014"},"content":{"rendered":"<figure id=\"attachment_7979\" aria-describedby=\"caption-attachment-7979\" style=\"width: 640px\" class=\"wp-caption aligncenter\"><a href=\"https:\/\/blogs.gazetaesportiva.com\/planeta-octogono\/files\/2013\/09\/1086_30.36.2013_47838_ef_20130929.jpg\"><img loading=\"lazy\" decoding=\"async\" class=\" wp-image-7979 \" alt=\"Em conversa com jornalistas, Presidente do UFC conta sobre planos para 2014 - Alexandre Loureiro\/Inovafoto\" src=\"https:\/\/blogs.gazetaesportiva.com\/planeta-octogono\/files\/2013\/09\/1086_30.36.2013_47838_ef_20130929.jpg\" width=\"640\" height=\"432\" \/><\/a><figcaption id=\"caption-attachment-7979\" class=\"wp-caption-text\">Em conversa com jornalistas, Presidente do UFC conta sobre planos para 2014 &#8211; Alexandre Loureiro\/Inovafoto<\/figcaption><\/figure>\n<p>&nbsp;<\/p>\n<p>Em conversa com jornalistas durante o Tour do UFC na cidade do Rio de Janeiro, o Presidente do UFC, Dana White revelou seus planos para o Brasil em 2014.<\/p>\n<p>Segundo o Presidente, a organiza\u00e7\u00e3o tem planos para fazer cerca de 13 eventos em 2014.<\/p>\n<p>&#8220;Estamos planejando 13 eventos no Brasil para o ano que vem. Todo mundo vem me perguntando desde que cheguei se este mercado n\u00e3o \u00e9 mais importante para mim, porque n\u00e3o venho mais aqui. Voc\u00eas est\u00e3o loucos?<\/p>\n<p>Perderam o ju\u00edzo? Este talvez seja o mercado mais importante do mundo! O Brasil est\u00e1 pegando fogo.<\/p>\n<p>A diferen\u00e7a \u00e9 que o Brasil n\u00e3o precisa de mim aqui a cada dez minutos. H\u00e1 outros lugares que precisam de mim. Estamos lan\u00e7ando o TUF na China em tr\u00eas semanas, e temos um novo acordo de TV nos EUA.<\/p>\n<p>N\u00e3o s\u00f3 vamos fazer 13 eventos aqui em 2014, como este mercado est\u00e1 explodindo. O melhor talento do mundo est\u00e1 vindo daqui.<\/p>\n<p>Com mais lutas no Brasil, os atletas ter\u00e3o mais oportunidades de entrar no mercado global, n\u00e3o s\u00f3 no brasileiro.&#8221; comentou o Presidente.<\/p>\n<p>Dana fez mist\u00e9rio quanto aos nomes dos treinadores da nova edi\u00e7\u00e3o do reality show do UFC no Brasil, The Ultimate Fighter Brasil.<\/p>\n<p>&#8220;J\u00e1 decidi, temos os t\u00e9cnicos. Os treinadores v\u00e3o chocar voc\u00eas, mas n\u00e3o posso contar ainda quem s\u00e3o, porque ainda n\u00e3o estamos anunciando.&#8221; disse Dana.<\/p>\n<p>Nesta segunda feira o UFC realiza uma coletiva de imprensa em S\u00e3o Paulo, para divulgar o evento do UFC 168 na cidade.<\/p>\n","protected":false},"excerpt":{"rendered":"<p>&nbsp; Em conversa com jornalistas durante o Tour do UFC na cidade do Rio de Janeiro, o Presidente do UFC, Dana White revelou seus planos <a class=\"read-more\" href=\"https:\/\/blogs.gazetaesportiva.com\/planeta-octogono\/2013\/09\/30\/dana-white-planeja-fazer-13-edicoes-do-ufc-no-brasil-em-2014\/\">leia mais<\/a><\/p>\n","protected":false},"author":33,"featured_media":7979,"comment_status":"open","ping_status":"open","sticky":false,"template":"","format":"standard","meta":{"jetpack_post_was_ever_published":false,"_jetpack_newsletter_access":"","_jetpack_dont_email_post_to_subs":false,"_jetpack_newsletter_tier_id":0,"_jetpack_memberships_contains_paywalled_content":false,"_jetpack_memberships_contains_paid_content":false,"footnotes":"","jetpack_publicize_message":"","jetpack_publicize_feature_enabled":true,"jetpack_social_post_already_shared":false,"jetpack_social_options":{"image_generator_settings":{"template":"highway","default_image_id":0,"font":"","enabled":false},"version":2}},"categories":[1],"tags":[111],"class_list":["post-7978","post","type-post","status-publish","format-standard","has-post-thumbnail","hentry","category-principal","tag-dana-white"],"jetpack_publicize_connections":[],"jetpack_featured_media_url":"https:\/\/blogs.gazetaesportiva.com\/planeta-octogono\/files\/2013\/09\/1086_30.36.2013_47838_ef_20130929.jpg","jetpack_sharing_enabled":true,"jetpack_shortlink":"https:\/\/wp.me\/p6rqUQ-24G","_links":{"self":[{"href":"https:\/\/blogs.gazetaesportiva.com\/planeta-octogono\/wp-json\/wp\/v2\/posts\/7978","targetHints":{"allow":["GET"]}}],"collection":[{"href":"https:\/\/blogs.gazetaesportiva.com\/planeta-octogono\/wp-json\/wp\/v2\/posts"}],"about":[{"href":"https:\/\/blogs.gazetaesportiva.com\/planeta-octogono\/wp-json\/wp\/v2\/types\/post"}],"author":[{"embeddable":true,"href":"https:\/\/blogs.gazetaesportiva.com\/planeta-octogono\/wp-json\/wp\/v2\/users\/33"}],"replies":[{"embeddable":true,"href":"https:\/\/blogs.gazetaesportiva.com\/planeta-octogono\/wp-json\/wp\/v2\/comments?post=7978"}],"version-history":[{"count":0,"href":"https:\/\/blogs.gazetaesportiva.com\/planeta-octogono\/wp-json\/wp\/v2\/posts\/7978\/revisions"}],"wp:featuredmedia":[{"embeddable":true,"href":"https:\/\/blogs.gazetaesportiva.com\/planeta-octogono\/wp-json\/wp\/v2\/media\/7979"}],"wp:attachment":[{"href":"https:\/\/blogs.gazetaesportiva.com\/planeta-octogono\/wp-json\/wp\/v2\/media?parent=7978"}],"wp:term":[{"taxonomy":"category","embeddable":true,"href":"https:\/\/blogs.gazetaesportiva.com\/planeta-octogono\/wp-json\/wp\/v2\/categories?post=7978"},{"taxonomy":"post_tag","embeddable":true,"href":"https:\/\/blogs.gazetaesportiva.com\/planeta-octogono\/wp-json\/wp\/v2\/tags?post=7978"}],"curies":[{"name":"wp","href":"https:\/\/api.w.org\/{rel}","templated":true}]}}