{"id":7975,"date":"2013-09-30T05:40:23","date_gmt":"2013-09-30T08:40:23","guid":{"rendered":"https:\/\/blogs.gazetaesportiva.com\/planeta-octogono\/?p=7975"},"modified":"2013-09-30T05:40:23","modified_gmt":"2013-09-30T08:40:23","slug":"encontro-com-fas-marca-passagem-de-weidman-spider-e-dana-white-pelo-rio-de-janeiro","status":"publish","type":"post","link":"https:\/\/blogs.gazetaesportiva.com\/planeta-octogono\/2013\/09\/30\/encontro-com-fas-marca-passagem-de-weidman-spider-e-dana-white-pelo-rio-de-janeiro\/","title":{"rendered":"Encontro com f\u00e3s marca passagem de Weidman, Spider e Dana White pelo Rio de Janeiro"},"content":{"rendered":"<figure id=\"attachment_7976\" aria-describedby=\"caption-attachment-7976\" style=\"width: 640px\" class=\"wp-caption aligncenter\"><a href=\"https:\/\/blogs.gazetaesportiva.com\/planeta-octogono\/files\/2013\/09\/1086_30.36.2013_47847_ef_20130929.jpg\"><img loading=\"lazy\" decoding=\"async\" class=\" wp-image-7976 \" alt=\"Dana White e lutadores fazem primeiro dia de Media Tour no Rio - Alexandre Loureiro\/ Inovafoto\" src=\"https:\/\/blogs.gazetaesportiva.com\/planeta-octogono\/files\/2013\/09\/1086_30.36.2013_47847_ef_20130929.jpg\" width=\"640\" height=\"432\" \/><\/a><figcaption id=\"caption-attachment-7976\" class=\"wp-caption-text\">Dana White e lutadores fazem primeiro dia de Media Tour no Rio &#8211; Alexandre Loureiro\/ Inovafoto<\/figcaption><\/figure>\n<p>&nbsp;<\/p>\n<p>O rec\u00e9m-coroado campe\u00e3o peso m\u00e9dio do UFC<sup>\u00ae\u00a0<\/sup><a><strong>Chris Weidman<\/strong><\/a>\u00a0e o ex-campe\u00e3o da categoria\u00a0<a><strong>Anderson Silva<\/strong><\/a>\u00a0participaram neste domingo, dia 29, de um encontro com mais de cem f\u00e3s no Hotel Copacabana Palace, no Rio de Janeiro, como parte da etapa final da press tour para promover\u00a0a revanche no\u00a0<strong><em>UFC<\/em><sup>\u00ae<\/sup>\u00a0<em>168: WEIDMAN vs. SILVA 2<\/em>.\u00a0<\/strong>A luta est\u00e1 marcada para o dia 28 de dezembro, na MGM Grand Garden Arena, em Las Vegas, EUA.<\/p>\n<p>Os dois lutadores e o presidente do\u00a0UFC, Dana\u00a0White, participar\u00e3o de uma coletiva de imprensa nesta segunda-feira, dia 30, em S\u00e3o Paulo, quando encerrar\u00e3o a agenda de visitas programadas para sete cidades em apenas sete dias.<\/p>\n<p>\u201cEssa \u00e9 a luta mais excitante que j\u00e1 existiu, todo mundo quer assistir. Quando o\u00a0MGM\u00a0(Grand\u00a0Garden\u00a0Arena) estiver lotado, a energia estar\u00e1 espalhada pelo mundo inteiro, todos vibrar\u00e3o com esse confronto, seja no gin\u00e1sio, em suas casas ou bares. Mal posso esperar por essa luta. Veremos o que vai acontecer\u201d, comentou Dana\u00a0White.<\/p>\n<p>Ingressos para o<strong><em>\u00a0UFC<\/em><sup>\u00ae<\/sup>\u00a0<em>168: WEIDMAN vs. SILVA 2<\/em><\/strong>\u00a0custam\u00a0$1,000, $750, $500, $300, $200 e $100 d\u00f3lares e podem ser comprados pela internet em\u00a0<a href=\"http:\/\/www.mgmgrand.com\/\" target=\"_blank\">www.mgmgrand.com<\/a>\u00a0e\u00a0<a href=\"http:\/\/www.ticketmaster.com\/\" target=\"_blank\">www.ticketmaster.com<\/a>,\u00a0em todos os pontos de venda da Ticketmaster em Las Vegas (lojas seletas daSmith\u2019s\u00a0Food\u00a0and\u00a0Drug\u00a0Centers e Ritmo Latino) ou por telefone (com cart\u00e3o de cr\u00e9dito), pelo n\u00famero (0<a href=\"tel:800%29%20745-3000\" target=\"_blank\">800) 745-3000<\/a>. Cada comprador pode adquirir, no m\u00e1ximo, 8 ingressos. Os pre\u00e7os n\u00e3o incluem taxas de servi\u00e7o.<\/p>\n<p>Empolgados, os f\u00e3s perguntaram principalmente sobre a revanche, sobre a postura de Anderson Silva e quais mudan\u00e7as a vit\u00f3ria provocou na vida de\u00a0Chris\u00a0Weidman. \u201cA derrota foi t\u00e3o importante quanto todas as vit\u00f3rias que eu tive. Hoje me sinto um atleta mais completo. O t\u00edtulo n\u00e3o \u00e9 meu, nunca foi meu. \u00c9 um patrim\u00f4nio brasileiro e a minha motiva\u00e7\u00e3o agora \u00e9 recuper\u00e1-lo para o Brasil\u201d, afirmou um sorridente Anderson Silva, que foi presenteado com cartas e camisas de seu f\u00e3 clube.<\/p>\n<p>O atual campe\u00e3o falou sobre as novidades que surgiram em sua vida desde que venceu. \u201cEstive no Brasil no ano passado e podia atravessar a rua tranquilamente. Hoje, n\u00e3o consigo mais. \u00c9 uma mudan\u00e7a que senti ap\u00f3s a vit\u00f3ria. Mas a principal foi que consegui comprar uma casa para a minha fam\u00edlia\u201d, explicou\u00a0Weidman, referindo-se \u00e0 trag\u00e9dia pela qual sua fam\u00edlia passou em outubro de 2012, quando perdeu a casa em virtude do furac\u00e3o\u00a0Sandy, em Nova York.<\/p>\n<p>Nesta segunda feira, o UFC realiza uma coletiva de imprensa na cidade de S\u00e3o Paulo, para divulgar o UFC 168 na cidade.<\/p>\n<p>&nbsp;<\/p>\n","protected":false},"excerpt":{"rendered":"<p>&nbsp; O rec\u00e9m-coroado campe\u00e3o peso m\u00e9dio do UFC\u00ae\u00a0Chris Weidman\u00a0e o ex-campe\u00e3o da categoria\u00a0Anderson Silva\u00a0participaram neste domingo, dia 29, de um encontro com mais de cem <a class=\"read-more\" href=\"https:\/\/blogs.gazetaesportiva.com\/planeta-octogono\/2013\/09\/30\/encontro-com-fas-marca-passagem-de-weidman-spider-e-dana-white-pelo-rio-de-janeiro\/\">leia mais<\/a><\/p>\n","protected":false},"author":33,"featured_media":7976,"comment_status":"open","ping_status":"open","sticky":false,"template":"","format":"standard","meta":{"jetpack_post_was_ever_published":false,"_jetpack_newsletter_access":"","_jetpack_dont_email_post_to_subs":false,"_jetpack_newsletter_tier_id":0,"_jetpack_memberships_contains_paywalled_content":false,"_jetpack_memberships_contains_paid_content":false,"footnotes":"","jetpack_publicize_message":"","jetpack_publicize_feature_enabled":true,"jetpack_social_post_already_shared":false,"jetpack_social_options":{"image_generator_settings":{"template":"highway","default_image_id":0,"font":"","enabled":false},"version":2}},"categories":[1],"tags":[111,481,184],"class_list":["post-7975","post","type-post","status-publish","format-standard","has-post-thumbnail","hentry","category-principal","tag-dana-white","tag-spider","tag-weidman"],"jetpack_publicize_connections":[],"jetpack_featured_media_url":"https:\/\/blogs.gazetaesportiva.com\/planeta-octogono\/files\/2013\/09\/1086_30.36.2013_47847_ef_20130929.jpg","jetpack_sharing_enabled":true,"jetpack_shortlink":"https:\/\/wp.me\/p6rqUQ-24D","_links":{"self":[{"href":"https:\/\/blogs.gazetaesportiva.com\/planeta-octogono\/wp-json\/wp\/v2\/posts\/7975","targetHints":{"allow":["GET"]}}],"collection":[{"href":"https:\/\/blogs.gazetaesportiva.com\/planeta-octogono\/wp-json\/wp\/v2\/posts"}],"about":[{"href":"https:\/\/blogs.gazetaesportiva.com\/planeta-octogono\/wp-json\/wp\/v2\/types\/post"}],"author":[{"embeddable":true,"href":"https:\/\/blogs.gazetaesportiva.com\/planeta-octogono\/wp-json\/wp\/v2\/users\/33"}],"replies":[{"embeddable":true,"href":"https:\/\/blogs.gazetaesportiva.com\/planeta-octogono\/wp-json\/wp\/v2\/comments?post=7975"}],"version-history":[{"count":0,"href":"https:\/\/blogs.gazetaesportiva.com\/planeta-octogono\/wp-json\/wp\/v2\/posts\/7975\/revisions"}],"wp:featuredmedia":[{"embeddable":true,"href":"https:\/\/blogs.gazetaesportiva.com\/planeta-octogono\/wp-json\/wp\/v2\/media\/7976"}],"wp:attachment":[{"href":"https:\/\/blogs.gazetaesportiva.com\/planeta-octogono\/wp-json\/wp\/v2\/media?parent=7975"}],"wp:term":[{"taxonomy":"category","embeddable":true,"href":"https:\/\/blogs.gazetaesportiva.com\/planeta-octogono\/wp-json\/wp\/v2\/categories?post=7975"},{"taxonomy":"post_tag","embeddable":true,"href":"https:\/\/blogs.gazetaesportiva.com\/planeta-octogono\/wp-json\/wp\/v2\/tags?post=7975"}],"curies":[{"name":"wp","href":"https:\/\/api.w.org\/{rel}","templated":true}]}}