{"id":7962,"date":"2013-09-29T05:07:38","date_gmt":"2013-09-29T08:07:38","guid":{"rendered":"https:\/\/blogs.gazetaesportiva.com\/planeta-octogono\/?p=7962"},"modified":"2013-09-29T05:07:38","modified_gmt":"2013-09-29T08:07:38","slug":"wanderlei-silva-afronta-sonnen-e-lutadores-quase-brigam-em-final-do-mr-olimpia-nos-estados-unidos","status":"publish","type":"post","link":"https:\/\/blogs.gazetaesportiva.com\/planeta-octogono\/2013\/09\/29\/wanderlei-silva-afronta-sonnen-e-lutadores-quase-brigam-em-final-do-mr-olimpia-nos-estados-unidos\/","title":{"rendered":"Wanderlei Silva afronta Sonnen e lutadores quase brigam em final do Mr. Ol\u00edmpia nos Estados Unidos"},"content":{"rendered":"<figure id=\"attachment_4223\" aria-describedby=\"caption-attachment-4223\" style=\"width: 616px\" class=\"wp-caption aligncenter\"><a href=\"https:\/\/blogs.gazetaesportiva.com\/planeta-octogono\/files\/2013\/03\/cerjwanderlei_lro_220313020.jpg\"><img loading=\"lazy\" decoding=\"async\" class=\" wp-image-4223   \" alt=\"Wanderlei quase briga com falastr\u00e3o em evento  - Divulga\u00e7\u00e3o Centauro\" src=\"https:\/\/blogs.gazetaesportiva.com\/planeta-octogono\/files\/2013\/03\/cerjwanderlei_lro_220313020.jpg\" width=\"616\" height=\"425\" \/><\/a><figcaption id=\"caption-attachment-4223\" class=\"wp-caption-text\">Wanderlei quase briga com falastr\u00e3o em evento &#8211; Divulga\u00e7\u00e3o Centauro<\/figcaption><\/figure>\n<p>&nbsp;<\/p>\n<p>Uma verdadeira briga quase aconteceu nos bastidores do famoso evento de fisiculturismo Mr. Ol\u00edmpia em Las Vegas.<\/p>\n<p>A lenda do MMA, o brasileiro Wanderlei Silva foi literalmente para cima de seu rival, o americano Chael Sonnen.<\/p>\n<p>Divulgando nas redes sociais pelo brasileiro um v\u00eddeo, provando que foi Wanderlei o causador da discuss\u00e3o, premeditando o encontro, o lutador cumpriu sua promessa feita no v\u00eddeo anterior e foi atr\u00e1s de Sonnen no evento.<\/p>\n<p>O clima ficou quente entre os lutadores com direito a uma discuss\u00e3o r\u00edspida entre os atletas e ambos precisaram ser contidos pelas pessoas pr\u00f3ximas.<\/p>\n<p>Wanderlei em mensagem no v\u00eddeo se defendeu dizendo que \u00e9 profissional e n\u00e3o briga nas ruas apenas no oct\u00f3gono al\u00e9m de continuar a atacar o lutador.<\/p>\n<p>&nbsp;<\/p>\n<p style=\"text-align: center\"><em><strong>Veja a mensagem de Wanderlei e o encontro dos lutadores em Las Vegas:<\/strong><\/em><\/p>\n<p style=\"text-align: center\"><em><strong>[yframe url=&#8217;http:\/\/www.youtube.com\/watch?v=0xbX-qCkXg8&#8242;]<\/strong><\/em><\/p>\n","protected":false},"excerpt":{"rendered":"<p>&nbsp; Uma verdadeira briga quase aconteceu nos bastidores do famoso evento de fisiculturismo Mr. Ol\u00edmpia em Las Vegas. A lenda do MMA, o brasileiro Wanderlei <a class=\"read-more\" href=\"https:\/\/blogs.gazetaesportiva.com\/planeta-octogono\/2013\/09\/29\/wanderlei-silva-afronta-sonnen-e-lutadores-quase-brigam-em-final-do-mr-olimpia-nos-estados-unidos\/\">leia mais<\/a><\/p>\n","protected":false},"author":33,"featured_media":0,"comment_status":"open","ping_status":"open","sticky":false,"template":"","format":"standard","meta":{"jetpack_post_was_ever_published":false,"_jetpack_newsletter_access":"","_jetpack_dont_email_post_to_subs":false,"_jetpack_newsletter_tier_id":0,"_jetpack_memberships_contains_paywalled_content":false,"_jetpack_memberships_contains_paid_content":false,"footnotes":"","jetpack_publicize_message":"","jetpack_publicize_feature_enabled":true,"jetpack_social_post_already_shared":false,"jetpack_social_options":{"image_generator_settings":{"template":"highway","default_image_id":0,"font":"","enabled":false},"version":2}},"categories":[1],"tags":[252,116],"class_list":["post-7962","post","type-post","status-publish","format-standard","hentry","category-principal","tag-chael-sonnen","tag-wanderlei-silva"],"jetpack_publicize_connections":[],"jetpack_featured_media_url":"","jetpack_sharing_enabled":true,"jetpack_shortlink":"https:\/\/wp.me\/p6rqUQ-24q","_links":{"self":[{"href":"https:\/\/blogs.gazetaesportiva.com\/planeta-octogono\/wp-json\/wp\/v2\/posts\/7962","targetHints":{"allow":["GET"]}}],"collection":[{"href":"https:\/\/blogs.gazetaesportiva.com\/planeta-octogono\/wp-json\/wp\/v2\/posts"}],"about":[{"href":"https:\/\/blogs.gazetaesportiva.com\/planeta-octogono\/wp-json\/wp\/v2\/types\/post"}],"author":[{"embeddable":true,"href":"https:\/\/blogs.gazetaesportiva.com\/planeta-octogono\/wp-json\/wp\/v2\/users\/33"}],"replies":[{"embeddable":true,"href":"https:\/\/blogs.gazetaesportiva.com\/planeta-octogono\/wp-json\/wp\/v2\/comments?post=7962"}],"version-history":[{"count":0,"href":"https:\/\/blogs.gazetaesportiva.com\/planeta-octogono\/wp-json\/wp\/v2\/posts\/7962\/revisions"}],"wp:attachment":[{"href":"https:\/\/blogs.gazetaesportiva.com\/planeta-octogono\/wp-json\/wp\/v2\/media?parent=7962"}],"wp:term":[{"taxonomy":"category","embeddable":true,"href":"https:\/\/blogs.gazetaesportiva.com\/planeta-octogono\/wp-json\/wp\/v2\/categories?post=7962"},{"taxonomy":"post_tag","embeddable":true,"href":"https:\/\/blogs.gazetaesportiva.com\/planeta-octogono\/wp-json\/wp\/v2\/tags?post=7962"}],"curies":[{"name":"wp","href":"https:\/\/api.w.org\/{rel}","templated":true}]}}