{"id":7958,"date":"2013-09-29T04:42:29","date_gmt":"2013-09-29T07:42:29","guid":{"rendered":"https:\/\/blogs.gazetaesportiva.com\/planeta-octogono\/?p=7958"},"modified":"2013-09-29T04:42:40","modified_gmt":"2013-09-29T07:42:40","slug":"voce-indica-assista-o-segundo-episodio-do-reality-show-brasileiro-de-mma-por-um-sonho","status":"publish","type":"post","link":"https:\/\/blogs.gazetaesportiva.com\/planeta-octogono\/2013\/09\/29\/voce-indica-assista-o-segundo-episodio-do-reality-show-brasileiro-de-mma-por-um-sonho\/","title":{"rendered":"Voc\u00ea Indica &#8211; Assista o segundo epis\u00f3dio do reality show brasileiro de MMA, &#8220;Por um Sonho&#8221;"},"content":{"rendered":"<figure id=\"attachment_7823\" aria-describedby=\"caption-attachment-7823\" style=\"width: 590px\" class=\"wp-caption aligncenter\"><a href=\"https:\/\/blogs.gazetaesportiva.com\/planeta-octogono\/files\/2013\/09\/porumsonhoDSC04514.jpg\"><img loading=\"lazy\" decoding=\"async\" class=\" wp-image-7823   \" alt=\"Primeiro reality show de MMA totalmente nacional divulga segundo epis\u00f3dio - Divulga\u00e7\u00e3o Por um Sonho\" src=\"https:\/\/blogs.gazetaesportiva.com\/planeta-octogono\/files\/2013\/09\/porumsonhoDSC04514.jpg\" width=\"590\" height=\"442\" \/><\/a><figcaption id=\"caption-attachment-7823\" class=\"wp-caption-text\">Primeiro reality show de MMA totalmente nacional divulga segundo epis\u00f3dio &#8211; Divulga\u00e7\u00e3o Por um Sonho<\/figcaption><\/figure>\n<p>&nbsp;<\/p>\n<p>O Voc\u00ea Indica est\u00e1 de volta!<\/p>\n<p>Trazendo o segundo epis\u00f3dio do reality show 100% nacional, \u00a0&#8220;Por Um Sonho&#8221;.<\/p>\n<p>Comandado pelo escritor e apresentador Andr\u00e9 Martinez, os lutadores lutam para serem vencedores em uma competi\u00e7\u00e3o eliminat\u00f3ria que ter\u00e1 seu final no evento, Ichigeki Fight Night 3.<\/p>\n<p>A final ser\u00e1 no dia 5 de outubro na cidade de Mogi das Cruzes.<\/p>\n<p>&nbsp;<\/p>\n<p style=\"text-align: center\"><strong>Veja o segundo epis\u00f3dio do reality nacional &#8220;Por Um Sonho&#8221;:<\/strong><\/p>\n<p style=\"text-align: center\"><strong>[yframe url=&#8217;http:\/\/www.youtube.com\/watch?v=mghnMxvl5aM&#8217;]<\/strong><\/p>\n","protected":false},"excerpt":{"rendered":"<p>&nbsp; O Voc\u00ea Indica est\u00e1 de volta! Trazendo o segundo epis\u00f3dio do reality show 100% nacional, \u00a0&#8220;Por Um Sonho&#8221;. Comandado pelo escritor e apresentador Andr\u00e9 <a class=\"read-more\" href=\"https:\/\/blogs.gazetaesportiva.com\/planeta-octogono\/2013\/09\/29\/voce-indica-assista-o-segundo-episodio-do-reality-show-brasileiro-de-mma-por-um-sonho\/\">leia mais<\/a><\/p>\n","protected":false},"author":33,"featured_media":0,"comment_status":"open","ping_status":"open","sticky":false,"template":"","format":"standard","meta":{"jetpack_post_was_ever_published":false,"_jetpack_newsletter_access":"","_jetpack_dont_email_post_to_subs":false,"_jetpack_newsletter_tier_id":0,"_jetpack_memberships_contains_paywalled_content":false,"_jetpack_memberships_contains_paid_content":false,"footnotes":"","jetpack_publicize_message":"","jetpack_publicize_feature_enabled":true,"jetpack_social_post_already_shared":false,"jetpack_social_options":{"image_generator_settings":{"template":"highway","default_image_id":0,"font":"","enabled":false},"version":2}},"categories":[4],"tags":[470],"class_list":["post-7958","post","type-post","status-publish","format-standard","hentry","category-voce-indica","tag-por-um-sonho"],"jetpack_publicize_connections":[],"jetpack_featured_media_url":"","jetpack_sharing_enabled":true,"jetpack_shortlink":"https:\/\/wp.me\/p6rqUQ-24m","_links":{"self":[{"href":"https:\/\/blogs.gazetaesportiva.com\/planeta-octogono\/wp-json\/wp\/v2\/posts\/7958","targetHints":{"allow":["GET"]}}],"collection":[{"href":"https:\/\/blogs.gazetaesportiva.com\/planeta-octogono\/wp-json\/wp\/v2\/posts"}],"about":[{"href":"https:\/\/blogs.gazetaesportiva.com\/planeta-octogono\/wp-json\/wp\/v2\/types\/post"}],"author":[{"embeddable":true,"href":"https:\/\/blogs.gazetaesportiva.com\/planeta-octogono\/wp-json\/wp\/v2\/users\/33"}],"replies":[{"embeddable":true,"href":"https:\/\/blogs.gazetaesportiva.com\/planeta-octogono\/wp-json\/wp\/v2\/comments?post=7958"}],"version-history":[{"count":0,"href":"https:\/\/blogs.gazetaesportiva.com\/planeta-octogono\/wp-json\/wp\/v2\/posts\/7958\/revisions"}],"wp:attachment":[{"href":"https:\/\/blogs.gazetaesportiva.com\/planeta-octogono\/wp-json\/wp\/v2\/media?parent=7958"}],"wp:term":[{"taxonomy":"category","embeddable":true,"href":"https:\/\/blogs.gazetaesportiva.com\/planeta-octogono\/wp-json\/wp\/v2\/categories?post=7958"},{"taxonomy":"post_tag","embeddable":true,"href":"https:\/\/blogs.gazetaesportiva.com\/planeta-octogono\/wp-json\/wp\/v2\/tags?post=7958"}],"curies":[{"name":"wp","href":"https:\/\/api.w.org\/{rel}","templated":true}]}}