{"id":7944,"date":"2013-09-27T23:52:25","date_gmt":"2013-09-28T02:52:25","guid":{"rendered":"https:\/\/blogs.gazetaesportiva.com\/planeta-octogono\/?p=7944"},"modified":"2013-09-27T23:52:25","modified_gmt":"2013-09-28T02:52:25","slug":"dana-white-spider-e-weidman-finalizam-media-tour-nos-estados-unidos-e-seguem-rumo-ao-brasil-para-eventos-do-ufc","status":"publish","type":"post","link":"https:\/\/blogs.gazetaesportiva.com\/planeta-octogono\/2013\/09\/27\/dana-white-spider-e-weidman-finalizam-media-tour-nos-estados-unidos-e-seguem-rumo-ao-brasil-para-eventos-do-ufc\/","title":{"rendered":"Dana White, Spider e Weidman finalizam Media Tour nos Estados Unidos e seguem rumo ao Brasil para eventos do UFC"},"content":{"rendered":"<figure id=\"attachment_7945\" aria-describedby=\"caption-attachment-7945\" style=\"width: 576px\" class=\"wp-caption aligncenter\"><a href=\"https:\/\/blogs.gazetaesportiva.com\/planeta-octogono\/files\/2013\/09\/1.jpg\"><img loading=\"lazy\" decoding=\"async\" class=\" wp-image-7945 \" alt=\"Dana e lutadores viajam para o Brasil para promover o UFC 168 - Divulga\u00e7\u00e3o UFC\/ Josh Hedges\" src=\"https:\/\/blogs.gazetaesportiva.com\/planeta-octogono\/files\/2013\/09\/1.jpg\" width=\"576\" height=\"383\" \/><\/a><figcaption id=\"caption-attachment-7945\" class=\"wp-caption-text\">Dana e lutadores viajam para o Brasil para promover o UFC 168 &#8211; Divulga\u00e7\u00e3o UFC\/ Josh Hedges<\/figcaption><\/figure>\n<p>&nbsp;<\/p>\n<p>O UFC finalizou a parte americana do Media Tour para promo\u00e7\u00e3o do UFC 168, que conta com Anderson Silva e Chris Weidman na luta principal do evento.<\/p>\n<p>Participando de programas de TV, na emissora americana ESPN, Anderson e Weidman tamb\u00e9m visitaram as cidades de Nova York e Miami para promover o combate.<\/p>\n<p>Mais adaptado com Miami, devido a grande quantidade de brasileiros residentes na regi\u00e3o, Anderson fez um treino de Jiu Jitsu ao p\u00fablico presente no evento.<\/p>\n<p>&#8220;Estou feliz. Estou feliz. Estou cansado, n\u00e9? Estou cansado. Desde a minha \u00faltima luta no UFC, n\u00e3o parei de viajar, fazendo meus trabalhos de m\u00eddia.<\/p>\n<p>Mas estou feliz de estar aqui em Miami. \u00c9 bem parecido com o Brasil e me sinto em casa aqui.&#8221; disse o brasileiro aos jornalistas presentes.<\/p>\n<p>Os lutadores seguem rumo as cidades de S\u00e3o Paulo e Rio de Janeiro para participar de uma coletiva de imprensa e uma se\u00e7\u00e3o de perguntas e respostas com os f\u00e3s.<\/p>\n<p>&nbsp;<\/p>\n<p style=\"text-align: center\"><em><strong>Veja os melhores momentos de Anderson e Weidman em Nova York:<\/strong><\/em><\/p>\n<p style=\"text-align: center\"><em><strong>[yframe url=&#8217;http:\/\/www.youtube.com\/watch?v=18VWHUAGNK8&#8242;]<\/strong><\/em><\/p>\n<p style=\"text-align: center\">\n<p style=\"text-align: center\"><em><strong>Anderson e Weidman nos est\u00fadios da ESPN americana:<\/strong><\/em><\/p>\n<p style=\"text-align: center\"><em><strong>[yframe url=&#8217;http:\/\/www.youtube.com\/watch?v=sugfJbpNSVg&#8217;]<\/strong><\/em><\/p>\n","protected":false},"excerpt":{"rendered":"<p>&nbsp; O UFC finalizou a parte americana do Media Tour para promo\u00e7\u00e3o do UFC 168, que conta com Anderson Silva e Chris Weidman na luta <a class=\"read-more\" href=\"https:\/\/blogs.gazetaesportiva.com\/planeta-octogono\/2013\/09\/27\/dana-white-spider-e-weidman-finalizam-media-tour-nos-estados-unidos-e-seguem-rumo-ao-brasil-para-eventos-do-ufc\/\">leia mais<\/a><\/p>\n","protected":false},"author":33,"featured_media":7945,"comment_status":"open","ping_status":"open","sticky":false,"template":"","format":"standard","meta":{"jetpack_post_was_ever_published":false,"_jetpack_newsletter_access":"","_jetpack_dont_email_post_to_subs":false,"_jetpack_newsletter_tier_id":0,"_jetpack_memberships_contains_paywalled_content":false,"_jetpack_memberships_contains_paid_content":false,"footnotes":"","jetpack_publicize_message":"","jetpack_publicize_feature_enabled":true,"jetpack_social_post_already_shared":false,"jetpack_social_options":{"image_generator_settings":{"template":"highway","default_image_id":0,"font":"","enabled":false},"version":2}},"categories":[1],"tags":[22,50,111],"class_list":["post-7944","post","type-post","status-publish","format-standard","has-post-thumbnail","hentry","category-principal","tag-anderson-silva","tag-chris-weidman","tag-dana-white"],"jetpack_publicize_connections":[],"jetpack_featured_media_url":"https:\/\/blogs.gazetaesportiva.com\/planeta-octogono\/files\/2013\/09\/1.jpg","jetpack_sharing_enabled":true,"jetpack_shortlink":"https:\/\/wp.me\/p6rqUQ-248","_links":{"self":[{"href":"https:\/\/blogs.gazetaesportiva.com\/planeta-octogono\/wp-json\/wp\/v2\/posts\/7944","targetHints":{"allow":["GET"]}}],"collection":[{"href":"https:\/\/blogs.gazetaesportiva.com\/planeta-octogono\/wp-json\/wp\/v2\/posts"}],"about":[{"href":"https:\/\/blogs.gazetaesportiva.com\/planeta-octogono\/wp-json\/wp\/v2\/types\/post"}],"author":[{"embeddable":true,"href":"https:\/\/blogs.gazetaesportiva.com\/planeta-octogono\/wp-json\/wp\/v2\/users\/33"}],"replies":[{"embeddable":true,"href":"https:\/\/blogs.gazetaesportiva.com\/planeta-octogono\/wp-json\/wp\/v2\/comments?post=7944"}],"version-history":[{"count":0,"href":"https:\/\/blogs.gazetaesportiva.com\/planeta-octogono\/wp-json\/wp\/v2\/posts\/7944\/revisions"}],"wp:featuredmedia":[{"embeddable":true,"href":"https:\/\/blogs.gazetaesportiva.com\/planeta-octogono\/wp-json\/wp\/v2\/media\/7945"}],"wp:attachment":[{"href":"https:\/\/blogs.gazetaesportiva.com\/planeta-octogono\/wp-json\/wp\/v2\/media?parent=7944"}],"wp:term":[{"taxonomy":"category","embeddable":true,"href":"https:\/\/blogs.gazetaesportiva.com\/planeta-octogono\/wp-json\/wp\/v2\/categories?post=7944"},{"taxonomy":"post_tag","embeddable":true,"href":"https:\/\/blogs.gazetaesportiva.com\/planeta-octogono\/wp-json\/wp\/v2\/tags?post=7944"}],"curies":[{"name":"wp","href":"https:\/\/api.w.org\/{rel}","templated":true}]}}