{"id":7935,"date":"2013-09-27T23:06:43","date_gmt":"2013-09-28T02:06:43","guid":{"rendered":"https:\/\/blogs.gazetaesportiva.com\/planeta-octogono\/?p=7935"},"modified":"2013-09-27T23:06:52","modified_gmt":"2013-09-28T02:06:52","slug":"brasileiro-e-argentino-esquentam-a-pesagem-do-circuito-talent-3-em-guarulhos-neste-sabado","status":"publish","type":"post","link":"https:\/\/blogs.gazetaesportiva.com\/planeta-octogono\/2013\/09\/27\/brasileiro-e-argentino-esquentam-a-pesagem-do-circuito-talent-3-em-guarulhos-neste-sabado\/","title":{"rendered":"Brasileiro e Argentino esquentam a pesagem do Circuito Talent 3 em Guarulhos neste s\u00e1bado"},"content":{"rendered":"<figure id=\"attachment_7936\" aria-describedby=\"caption-attachment-7936\" style=\"width: 620px\" class=\"wp-caption aligncenter\"><a href=\"https:\/\/blogs.gazetaesportiva.com\/planeta-octogono\/files\/2013\/09\/203916_350223_dsc_1151.jpg\"><img loading=\"lazy\" decoding=\"async\" class=\"size-full wp-image-7936\" alt=\"babu\u00edno (esquerda) encara Galego na luta principal do evento - Divulga\u00e7\u00e3o Circuit Talent\/ Marcos Santos\" src=\"https:\/\/blogs.gazetaesportiva.com\/planeta-octogono\/files\/2013\/09\/203916_350223_dsc_1151.jpg\" width=\"620\" height=\"411\" \/><\/a><figcaption id=\"caption-attachment-7936\" class=\"wp-caption-text\">Babu\u00edno (esquerda) encara Galego na luta principal do evento &#8211; Divulga\u00e7\u00e3o Circuit Talent\/ Marcos Santos<\/figcaption><\/figure>\n<p>&nbsp;<\/p>\n<p>Na tarde desta sexta-feira, dia 27 de setembro, todos os atletas escalados para o card da terceira edi\u00e7\u00e3o do Circuito Talent de MMA tiveram o tradicional encontro com a balan\u00e7a.<\/p>\n<p>Na pesagem oficial do show, a grande atra\u00e7\u00e3o ficou por conta da encarada entre Marcus Babu\u00edno e o argentino En\u00e9as &#8220;Gringo&#8221; Gon\u00e7alves, que se enfrentam no main event da noite deste s\u00e1bado, no gin\u00e1sio Thomeuz\u00e3o, em Guarulhos (SP).<\/p>\n<p>Ap\u00f3s bater 66kg, Babu\u00edno ergueu a guarda para a aguardada encarada, mas o Gringo, que pesou 300g a menos que seu advers\u00e1rio, optou por virar o rosto, evitando o contato visual com o brasileiro. A atitude do argentino n\u00e3o intimidou Babu\u00edno.<\/p>\n<p>&#8220;Eu n\u00e3o ligo para isso que ele fez. Amanh\u00e3 sim ele vai ter que me olhar. E \u00e9 bom ele me olhar bem nos olhos, porque quero muito essa vit\u00f3ria&#8221;, declarou.<\/p>\n<p>Escalados para o co-main event do Circuito Talent 3, Udi Lima e Paul\u00e3o Silva, que bateram respectivamente 70,6kg e 69,9kg, se encaram de forma respeitosa. Da mesma forma e tamb\u00e9m sem problemas com o peso limite do duelo (66kg), a campe\u00e3 mundial de Jiu-Jitsu, Talita Treta, encarou Rosemary Amorim, chamada para o evento com apenas 10 dias de prepara\u00e7\u00e3o para substituir a lesionada Lyla Thai.<\/p>\n<p>&#8220;Ela estava com 73kg na segunda-feira desta semana e fizemos um trabalho com muita responsabilidade, fazendo com que ela batesse 65,5kg. Fiz com a Rose o mesmo que fa\u00e7o no trabalho de corte de peso do Charles (do Bronx, atleta do UFC)&#8221;, contou Ericson Cardozo, treinador de Rosemary.<\/p>\n<p>No total, o card completo do Circuito Talent de MMA 3 reunir\u00e1 14 combates. O show come\u00e7a \u00e0s 19h.<\/p>\n<p><b>Circuito Talent de MMA 3<br \/>\nS\u00e1bado, dia 28 de setembro<br \/>\nGin\u00e1sio Thomeuz\u00e3o &#8211; Guarulhos (SP)<\/b><\/p>\n<p>At\u00e9 66kg: Marcos Babu\u00edno (Macaco Gold Team\/Chute Boxe) x En\u00e9as &#8220;Gringo&#8221; Gon\u00e7alves (Gringo Fight Team)<br \/>\nAt\u00e9 70kg: Udi Lima (Gracie Fusion) x Paul\u00e3o Silva (Guarulhos Fight Team)<br \/>\nAt\u00e9 84kg: Jorge Michelan (Checkmat) x Edvaldo Gameth (Team Master)<br \/>\nAt\u00e9 57kg: Bruno Suema (Morganti Jiu-Jitsu) x Eduardo Duka (Team F\u00faria)<br \/>\nAt\u00e9 66kg: Washington Mamute (Guarulhos Fight Team) x \u00c1tila Cowboy (Team Master)<br \/>\nAt\u00e9 66kg: Talita Treta (Gracie Fusion) x Rosemary Amorim (Bronx Gold Team)<br \/>\nAt\u00e9 61kg &#8211; Tiago Samurai (Power Lotus) x Thiago Ferrari (011 MMA Team)<br \/>\nAt\u00e9 77kg &#8211; Robson Neg\u00e3o (Team Conde) x Tito Santos (Gracie Fusion)<br \/>\nAt\u00e9 63kg: Anderson Berinja ( Babu\u00edno Gold Team) x Z\u00e9 Reborn ( Reborn Team)<br \/>\nAt\u00e9 120kg: Kitner Moura (Gracie Fusion) x Marcelo Gon\u00e7alves (B9 Team)<br \/>\nAt\u00e9 70kg: Lucio &#8220;Bart Simpson&#8221; (Garcia Combat Club) x Vinny Loureiro (Chute Boxe)<br \/>\nAt\u00e9 93kg: Marcio Teles (Team Master) x Nelson Filho (Team Drago)<br \/>\nAt\u00e9 70kg &#8211; Renan Codorna (Fam\u00edlia Furac\u00e3o) x Edson Cabelo (Barbosa Jiu Jitsu)<br \/>\nAt\u00e9 77kg: Chico Bento (Garcia Combat Club) x Leonardo &#8220;Monster&#8221; Molina (Brazilian Top Team)<\/p>\n<p>&nbsp;<\/p>\n<p>&nbsp;<\/p>\n","protected":false},"excerpt":{"rendered":"<p>&nbsp; Na tarde desta sexta-feira, dia 27 de setembro, todos os atletas escalados para o card da terceira edi\u00e7\u00e3o do Circuito Talent de MMA tiveram <a class=\"read-more\" href=\"https:\/\/blogs.gazetaesportiva.com\/planeta-octogono\/2013\/09\/27\/brasileiro-e-argentino-esquentam-a-pesagem-do-circuito-talent-3-em-guarulhos-neste-sabado\/\">leia mais<\/a><\/p>\n","protected":false},"author":33,"featured_media":7936,"comment_status":"open","ping_status":"open","sticky":false,"template":"","format":"standard","meta":{"jetpack_post_was_ever_published":false,"_jetpack_newsletter_access":"","_jetpack_dont_email_post_to_subs":false,"_jetpack_newsletter_tier_id":0,"_jetpack_memberships_contains_paywalled_content":false,"_jetpack_memberships_contains_paid_content":false,"footnotes":"","jetpack_publicize_message":"","jetpack_publicize_feature_enabled":true,"jetpack_social_post_already_shared":false,"jetpack_social_options":{"image_generator_settings":{"template":"highway","default_image_id":0,"font":"","enabled":false},"version":2}},"categories":[1],"tags":[477],"class_list":["post-7935","post","type-post","status-publish","format-standard","has-post-thumbnail","hentry","category-principal","tag-circuito-talent-de-mma"],"jetpack_publicize_connections":[],"jetpack_featured_media_url":"https:\/\/blogs.gazetaesportiva.com\/planeta-octogono\/files\/2013\/09\/203916_350223_dsc_1151.jpg","jetpack_sharing_enabled":true,"jetpack_shortlink":"https:\/\/wp.me\/p6rqUQ-23Z","_links":{"self":[{"href":"https:\/\/blogs.gazetaesportiva.com\/planeta-octogono\/wp-json\/wp\/v2\/posts\/7935","targetHints":{"allow":["GET"]}}],"collection":[{"href":"https:\/\/blogs.gazetaesportiva.com\/planeta-octogono\/wp-json\/wp\/v2\/posts"}],"about":[{"href":"https:\/\/blogs.gazetaesportiva.com\/planeta-octogono\/wp-json\/wp\/v2\/types\/post"}],"author":[{"embeddable":true,"href":"https:\/\/blogs.gazetaesportiva.com\/planeta-octogono\/wp-json\/wp\/v2\/users\/33"}],"replies":[{"embeddable":true,"href":"https:\/\/blogs.gazetaesportiva.com\/planeta-octogono\/wp-json\/wp\/v2\/comments?post=7935"}],"version-history":[{"count":0,"href":"https:\/\/blogs.gazetaesportiva.com\/planeta-octogono\/wp-json\/wp\/v2\/posts\/7935\/revisions"}],"wp:featuredmedia":[{"embeddable":true,"href":"https:\/\/blogs.gazetaesportiva.com\/planeta-octogono\/wp-json\/wp\/v2\/media\/7936"}],"wp:attachment":[{"href":"https:\/\/blogs.gazetaesportiva.com\/planeta-octogono\/wp-json\/wp\/v2\/media?parent=7935"}],"wp:term":[{"taxonomy":"category","embeddable":true,"href":"https:\/\/blogs.gazetaesportiva.com\/planeta-octogono\/wp-json\/wp\/v2\/categories?post=7935"},{"taxonomy":"post_tag","embeddable":true,"href":"https:\/\/blogs.gazetaesportiva.com\/planeta-octogono\/wp-json\/wp\/v2\/tags?post=7935"}],"curies":[{"name":"wp","href":"https:\/\/api.w.org\/{rel}","templated":true}]}}