{"id":7931,"date":"2013-09-27T22:52:34","date_gmt":"2013-09-28T01:52:34","guid":{"rendered":"https:\/\/blogs.gazetaesportiva.com\/planeta-octogono\/?p=7931"},"modified":"2013-09-27T22:52:47","modified_gmt":"2013-09-28T01:52:47","slug":"glover-teixeira-luta-pelo-cinturao-do-ufc-e-lyoto-machida-substitui-bisping-na-inglaterra","status":"publish","type":"post","link":"https:\/\/blogs.gazetaesportiva.com\/planeta-octogono\/2013\/09\/27\/glover-teixeira-luta-pelo-cinturao-do-ufc-e-lyoto-machida-substitui-bisping-na-inglaterra\/","title":{"rendered":"Glover Teixeira luta pelo cintur\u00e3o do UFC e Lyoto Machida substitui Bisping na Inglaterra em outubro"},"content":{"rendered":"<figure id=\"attachment_7583\" aria-describedby=\"caption-attachment-7583\" style=\"width: 597px\" class=\"wp-caption aligncenter\"><a href=\"https:\/\/blogs.gazetaesportiva.com\/planeta-octogono\/files\/2013\/09\/IMG_4028.jpg\"><img loading=\"lazy\" decoding=\"async\" class=\" wp-image-7583    \" alt=\"Glover tem oportunidade confirmada contra Jones ap\u00f3s d\u00favida - Ana Carolina\/Gazeta Press\" src=\"https:\/\/blogs.gazetaesportiva.com\/planeta-octogono\/files\/2013\/09\/IMG_4028.jpg\" width=\"597\" height=\"398\" \/><\/a><figcaption id=\"caption-attachment-7583\" class=\"wp-caption-text\">Glover tem oportunidade confirmada contra Jones ap\u00f3s d\u00favida &#8211; Ana Carolina\/Gazeta Press<\/figcaption><\/figure>\n<p>&nbsp;<\/p>\n<figure id=\"attachment_7094\" aria-describedby=\"caption-attachment-7094\" style=\"width: 389px\" class=\"wp-caption alignleft\"><a href=\"https:\/\/blogs.gazetaesportiva.com\/planeta-octogono\/files\/2013\/08\/1086_04.57.2013_44329_ef_20130804.jpg\"><img loading=\"lazy\" decoding=\"async\" class=\" wp-image-7094    \" alt=\"Lyoto (esquerda) encara outro americano no UFC - Alexandre Loureiro - Inovafoto\" src=\"https:\/\/blogs.gazetaesportiva.com\/planeta-octogono\/files\/2013\/08\/1086_04.57.2013_44329_ef_20130804.jpg\" width=\"389\" height=\"259\" \/><\/a><figcaption id=\"caption-attachment-7094\" class=\"wp-caption-text\">Lyoto (esquerda) encara outro americano no UFC &#8211; Alexandre Loureiro &#8211; Inovafoto<\/figcaption><\/figure>\n<p>O brasileiro Glover Teixeira que tinha ganhado uma oportunidade de enfrentar o campe\u00e3o do UFC, o americano Jon Jones teve sua chance novamente confirmada pelo Presidente do UFC, Dana White.<\/p>\n<p>Ap\u00f3s ter seu futuro em d\u00favida depois da grande performance do sueco Alexander Gustafsson no UFC 165, Glover ser\u00e1 o pr\u00f3ximo advers\u00e1rio de Jones.<\/p>\n<p>O combate deve acontecer na semana da final do futebol americano em fevereiro de 2013.<\/p>\n<p>Outro lutador que teve seus planos mudados foi Lyoto Machida.<\/p>\n<p>Escalado para enfrentar o americano Tim Kennedy, no UFC Fight for The Troops, Lyoto vai substituir o ingl\u00eas Michael Bisping que lesionou o olho e foi cortado do evento.<\/p>\n<p>Com problemas de retina, que j\u00e1 o incomodavam antes de ser operado, o ingl\u00eas n\u00e3o tem retorno definido no evento, sendo assim Machida antecipa seu retorno para o dia 26 de outubro, enfrentando o lutador americano Mark Munoz, no combate principal do UFC Fight Night na Inglaterra.<\/p>\n","protected":false},"excerpt":{"rendered":"<p>&nbsp; O brasileiro Glover Teixeira que tinha ganhado uma oportunidade de enfrentar o campe\u00e3o do UFC, o americano Jon Jones teve sua chance novamente confirmada <a class=\"read-more\" href=\"https:\/\/blogs.gazetaesportiva.com\/planeta-octogono\/2013\/09\/27\/glover-teixeira-luta-pelo-cinturao-do-ufc-e-lyoto-machida-substitui-bisping-na-inglaterra\/\">leia mais<\/a><\/p>\n","protected":false},"author":33,"featured_media":0,"comment_status":"open","ping_status":"open","sticky":false,"template":"","format":"standard","meta":{"jetpack_post_was_ever_published":false,"_jetpack_newsletter_access":"","_jetpack_dont_email_post_to_subs":false,"_jetpack_newsletter_tier_id":0,"_jetpack_memberships_contains_paywalled_content":false,"_jetpack_memberships_contains_paid_content":false,"footnotes":"","jetpack_publicize_message":"","jetpack_publicize_feature_enabled":true,"jetpack_social_post_already_shared":false,"jetpack_social_options":{"image_generator_settings":{"template":"highway","default_image_id":0,"font":"","enabled":false},"version":2}},"categories":[1],"tags":[163,277],"class_list":["post-7931","post","type-post","status-publish","format-standard","hentry","category-principal","tag-glover-teixeira","tag-lyoto-machida"],"jetpack_publicize_connections":[],"jetpack_featured_media_url":"","jetpack_sharing_enabled":true,"jetpack_shortlink":"https:\/\/wp.me\/p6rqUQ-23V","_links":{"self":[{"href":"https:\/\/blogs.gazetaesportiva.com\/planeta-octogono\/wp-json\/wp\/v2\/posts\/7931","targetHints":{"allow":["GET"]}}],"collection":[{"href":"https:\/\/blogs.gazetaesportiva.com\/planeta-octogono\/wp-json\/wp\/v2\/posts"}],"about":[{"href":"https:\/\/blogs.gazetaesportiva.com\/planeta-octogono\/wp-json\/wp\/v2\/types\/post"}],"author":[{"embeddable":true,"href":"https:\/\/blogs.gazetaesportiva.com\/planeta-octogono\/wp-json\/wp\/v2\/users\/33"}],"replies":[{"embeddable":true,"href":"https:\/\/blogs.gazetaesportiva.com\/planeta-octogono\/wp-json\/wp\/v2\/comments?post=7931"}],"version-history":[{"count":0,"href":"https:\/\/blogs.gazetaesportiva.com\/planeta-octogono\/wp-json\/wp\/v2\/posts\/7931\/revisions"}],"wp:attachment":[{"href":"https:\/\/blogs.gazetaesportiva.com\/planeta-octogono\/wp-json\/wp\/v2\/media?parent=7931"}],"wp:term":[{"taxonomy":"category","embeddable":true,"href":"https:\/\/blogs.gazetaesportiva.com\/planeta-octogono\/wp-json\/wp\/v2\/categories?post=7931"},{"taxonomy":"post_tag","embeddable":true,"href":"https:\/\/blogs.gazetaesportiva.com\/planeta-octogono\/wp-json\/wp\/v2\/tags?post=7931"}],"curies":[{"name":"wp","href":"https:\/\/api.w.org\/{rel}","templated":true}]}}