{"id":7927,"date":"2013-09-26T05:36:37","date_gmt":"2013-09-26T08:36:37","guid":{"rendered":"https:\/\/blogs.gazetaesportiva.com\/planeta-octogono\/?p=7927"},"modified":"2013-09-26T05:36:37","modified_gmt":"2013-09-26T08:36:37","slug":"apos-lesoes-combate-entre-rony-jason-e-jeremy-stephens-e-marcado-para-o-ufc-de-goiania-em-novembro","status":"publish","type":"post","link":"https:\/\/blogs.gazetaesportiva.com\/planeta-octogono\/2013\/09\/26\/apos-lesoes-combate-entre-rony-jason-e-jeremy-stephens-e-marcado-para-o-ufc-de-goiania-em-novembro\/","title":{"rendered":"Ap\u00f3s les\u00f5es, combate entre Rony Jason e Jeremy Stephens \u00e9 marcado para o UFC de Goi\u00e2nia em novembro"},"content":{"rendered":"<figure id=\"attachment_4073\" aria-describedby=\"caption-attachment-4073\" style=\"width: 653px\" class=\"wp-caption aligncenter\"><a href=\"https:\/\/blogs.gazetaesportiva.com\/planeta-octogono\/files\/2013\/03\/1086_18.55.2013_20075_ef_20120620.jpg\"><img loading=\"lazy\" decoding=\"async\" class=\" wp-image-4073     \" alt=\"Campe\u00e3o do TUF luta em Goi\u00e2nia- Wander Roberto\/Inovafoto\" src=\"https:\/\/blogs.gazetaesportiva.com\/planeta-octogono\/files\/2013\/03\/1086_18.55.2013_20075_ef_20120620.jpg\" width=\"653\" height=\"428\" \/><\/a><figcaption id=\"caption-attachment-4073\" class=\"wp-caption-text\">Campe\u00e3o do TUF luta em Goi\u00e2nia- Wander Roberto\/Inovafoto<\/figcaption><\/figure>\n<p>&nbsp;<\/p>\n<p>Ap\u00f3s ser vetado pela Comiss\u00e3o Atl\u00e9tica de MMA, o brasileiro Rony Jason teve seu combate contra o americano Jeremy Stephens remarcado para o UFC em Goi\u00e2nia, que acontece no dia 9 de novembro.<\/p>\n<p>Segundo o site Combate.com. os lutadores aceitaram se enfrentar 1 m\u00eas depois, j\u00e1 que o combate estava marcado para o UFC em Barueri que acontece neste m\u00eas de outubro.<\/p>\n<p>Stephens tamb\u00e9m acabou se machucando e sendo retirado do card, por\u00e9m vai estar recuperado para enfrentar Jason em Goi\u00e2nia.<\/p>\n<p>O UFC em Goi\u00e2nia ser\u00e1 a primeira edi\u00e7\u00e3o do Ultimate no Centro Oeste do pa\u00eds.<\/p>\n<p>&nbsp;<\/p>\n<p>&nbsp;<\/p>\n","protected":false},"excerpt":{"rendered":"<p>&nbsp; Ap\u00f3s ser vetado pela Comiss\u00e3o Atl\u00e9tica de MMA, o brasileiro Rony Jason teve seu combate contra o americano Jeremy Stephens remarcado para o UFC <a class=\"read-more\" href=\"https:\/\/blogs.gazetaesportiva.com\/planeta-octogono\/2013\/09\/26\/apos-lesoes-combate-entre-rony-jason-e-jeremy-stephens-e-marcado-para-o-ufc-de-goiania-em-novembro\/\">leia mais<\/a><\/p>\n","protected":false},"author":33,"featured_media":0,"comment_status":"open","ping_status":"open","sticky":false,"template":"","format":"standard","meta":{"jetpack_post_was_ever_published":false,"_jetpack_newsletter_access":"","_jetpack_dont_email_post_to_subs":false,"_jetpack_newsletter_tier_id":0,"_jetpack_memberships_contains_paywalled_content":false,"_jetpack_memberships_contains_paid_content":false,"footnotes":"","jetpack_publicize_message":"","jetpack_publicize_feature_enabled":true,"jetpack_social_post_already_shared":false,"jetpack_social_options":{"image_generator_settings":{"template":"highway","default_image_id":0,"font":"","enabled":false},"version":2}},"categories":[1],"tags":[246],"class_list":["post-7927","post","type-post","status-publish","format-standard","hentry","category-principal","tag-rony-jason"],"jetpack_publicize_connections":[],"jetpack_featured_media_url":"","jetpack_sharing_enabled":true,"jetpack_shortlink":"https:\/\/wp.me\/p6rqUQ-23R","_links":{"self":[{"href":"https:\/\/blogs.gazetaesportiva.com\/planeta-octogono\/wp-json\/wp\/v2\/posts\/7927","targetHints":{"allow":["GET"]}}],"collection":[{"href":"https:\/\/blogs.gazetaesportiva.com\/planeta-octogono\/wp-json\/wp\/v2\/posts"}],"about":[{"href":"https:\/\/blogs.gazetaesportiva.com\/planeta-octogono\/wp-json\/wp\/v2\/types\/post"}],"author":[{"embeddable":true,"href":"https:\/\/blogs.gazetaesportiva.com\/planeta-octogono\/wp-json\/wp\/v2\/users\/33"}],"replies":[{"embeddable":true,"href":"https:\/\/blogs.gazetaesportiva.com\/planeta-octogono\/wp-json\/wp\/v2\/comments?post=7927"}],"version-history":[{"count":0,"href":"https:\/\/blogs.gazetaesportiva.com\/planeta-octogono\/wp-json\/wp\/v2\/posts\/7927\/revisions"}],"wp:attachment":[{"href":"https:\/\/blogs.gazetaesportiva.com\/planeta-octogono\/wp-json\/wp\/v2\/media?parent=7927"}],"wp:term":[{"taxonomy":"category","embeddable":true,"href":"https:\/\/blogs.gazetaesportiva.com\/planeta-octogono\/wp-json\/wp\/v2\/categories?post=7927"},{"taxonomy":"post_tag","embeddable":true,"href":"https:\/\/blogs.gazetaesportiva.com\/planeta-octogono\/wp-json\/wp\/v2\/tags?post=7927"}],"curies":[{"name":"wp","href":"https:\/\/api.w.org\/{rel}","templated":true}]}}