{"id":7925,"date":"2013-09-26T05:29:43","date_gmt":"2013-09-26T08:29:43","guid":{"rendered":"https:\/\/blogs.gazetaesportiva.com\/planeta-octogono\/?p=7925"},"modified":"2013-09-26T05:29:43","modified_gmt":"2013-09-26T08:29:43","slug":"quatro-brasileiros-lutam-na-russia-e-m-1-global-contrata-brasileiro-marcio-pe-de-pano","status":"publish","type":"post","link":"https:\/\/blogs.gazetaesportiva.com\/planeta-octogono\/2013\/09\/26\/quatro-brasileiros-lutam-na-russia-e-m-1-global-contrata-brasileiro-marcio-pe-de-pano\/","title":{"rendered":"Quatro brasileiros lutam na R\u00fassia e M-1 Global contrata brasileiro M\u00e1rcio P\u00e9 de Pano"},"content":{"rendered":"<figure id=\"attachment_2919\" aria-describedby=\"caption-attachment-2919\" style=\"width: 651px\" class=\"wp-caption aligncenter\"><a href=\"https:\/\/blogs.gazetaesportiva.com\/planeta-octogono\/files\/2013\/01\/M-1-Global1.jpg\"><img loading=\"lazy\" decoding=\"async\" class=\"size-full wp-image-2919\" alt=\"Evento russo contrata mais dois brasileiros - Divulga\u00e7\u00e3o M-1 Global\" src=\"https:\/\/blogs.gazetaesportiva.com\/planeta-octogono\/files\/2013\/01\/M-1-Global1.jpg\" width=\"651\" height=\"252\" \/><\/a><figcaption id=\"caption-attachment-2919\" class=\"wp-caption-text\">Evento russo contrata mais dois brasileiros &#8211; Divulga\u00e7\u00e3o M-1 Global<\/figcaption><\/figure>\n<p>&nbsp;<\/p>\n<p>Mais quatro brasileiros foram contratados por duas organiza\u00e7\u00f5es russas para suas pr\u00f3ximas edi\u00e7\u00f5es.<\/p>\n<p>Os dois maiores eventos de MMA da R\u00fassia, O M-1 Global anunciou mais dois brasileiros em seu plantel.<\/p>\n<p>O lutador M\u00e1rcio &#8220;P\u00e9 de Pano&#8221; Cruz, ex lutador do UFC, de 35 anos faz sua estr\u00e9ia em novembro na organiza\u00e7\u00e3o contra advers\u00e1rio ainda n\u00e3o definido, confirmou seu empres\u00e1rio Stefano Sartori ao Blog.<\/p>\n<p>Outro lutador contratado pela organiza\u00e7\u00e3o \u00e9 Vitor N\u00f3brega que faz sua estr\u00e9ia no M-1 Challenge 42 no dia 19 de outubro contra\u00a0Vyacheslav Vasilevsky.<\/p>\n<p>O evento Fight Nights tamb\u00e9m anunciou duas contrata\u00e7\u00f5es.<\/p>\n<p>Ap\u00f3s contratar Tim Sylvia e Andrei Arlovski, a organiza\u00e7\u00e3o anunciou a contrata\u00e7\u00e3o de Andr\u00e9 Chatuba e Diogo Braga Alves que estr\u00e9iam no evento no dia 26 de outubro.<\/p>\n<p>&nbsp;<\/p>\n","protected":false},"excerpt":{"rendered":"<p>&nbsp; Mais quatro brasileiros foram contratados por duas organiza\u00e7\u00f5es russas para suas pr\u00f3ximas edi\u00e7\u00f5es. Os dois maiores eventos de MMA da R\u00fassia, O M-1 Global <a class=\"read-more\" href=\"https:\/\/blogs.gazetaesportiva.com\/planeta-octogono\/2013\/09\/26\/quatro-brasileiros-lutam-na-russia-e-m-1-global-contrata-brasileiro-marcio-pe-de-pano\/\">leia mais<\/a><\/p>\n","protected":false},"author":33,"featured_media":0,"comment_status":"open","ping_status":"open","sticky":false,"template":"","format":"standard","meta":{"jetpack_post_was_ever_published":false,"_jetpack_newsletter_access":"","_jetpack_dont_email_post_to_subs":false,"_jetpack_newsletter_tier_id":0,"_jetpack_memberships_contains_paywalled_content":false,"_jetpack_memberships_contains_paid_content":false,"footnotes":"","jetpack_publicize_message":"","jetpack_publicize_feature_enabled":true,"jetpack_social_post_already_shared":false,"jetpack_social_options":{"image_generator_settings":{"template":"highway","default_image_id":0,"font":"","enabled":false},"version":2}},"categories":[1],"tags":[475,224],"class_list":["post-7925","post","type-post","status-publish","format-standard","hentry","category-principal","tag-fight-nights","tag-m-1-global"],"jetpack_publicize_connections":[],"jetpack_featured_media_url":"","jetpack_sharing_enabled":true,"jetpack_shortlink":"https:\/\/wp.me\/p6rqUQ-23P","_links":{"self":[{"href":"https:\/\/blogs.gazetaesportiva.com\/planeta-octogono\/wp-json\/wp\/v2\/posts\/7925","targetHints":{"allow":["GET"]}}],"collection":[{"href":"https:\/\/blogs.gazetaesportiva.com\/planeta-octogono\/wp-json\/wp\/v2\/posts"}],"about":[{"href":"https:\/\/blogs.gazetaesportiva.com\/planeta-octogono\/wp-json\/wp\/v2\/types\/post"}],"author":[{"embeddable":true,"href":"https:\/\/blogs.gazetaesportiva.com\/planeta-octogono\/wp-json\/wp\/v2\/users\/33"}],"replies":[{"embeddable":true,"href":"https:\/\/blogs.gazetaesportiva.com\/planeta-octogono\/wp-json\/wp\/v2\/comments?post=7925"}],"version-history":[{"count":0,"href":"https:\/\/blogs.gazetaesportiva.com\/planeta-octogono\/wp-json\/wp\/v2\/posts\/7925\/revisions"}],"wp:attachment":[{"href":"https:\/\/blogs.gazetaesportiva.com\/planeta-octogono\/wp-json\/wp\/v2\/media?parent=7925"}],"wp:term":[{"taxonomy":"category","embeddable":true,"href":"https:\/\/blogs.gazetaesportiva.com\/planeta-octogono\/wp-json\/wp\/v2\/categories?post=7925"},{"taxonomy":"post_tag","embeddable":true,"href":"https:\/\/blogs.gazetaesportiva.com\/planeta-octogono\/wp-json\/wp\/v2\/tags?post=7925"}],"curies":[{"name":"wp","href":"https:\/\/api.w.org\/{rel}","templated":true}]}}