{"id":7923,"date":"2013-09-26T05:16:54","date_gmt":"2013-09-26T08:16:54","guid":{"rendered":"https:\/\/blogs.gazetaesportiva.com\/planeta-octogono\/?p=7923"},"modified":"2013-09-26T05:16:54","modified_gmt":"2013-09-26T08:16:54","slug":"com-risco-de-perder-chance-de-lutar-pelo-cinturao-glover-teixeira-esta-disponivel-para-lutar-no-ufc-168","status":"publish","type":"post","link":"https:\/\/blogs.gazetaesportiva.com\/planeta-octogono\/2013\/09\/26\/com-risco-de-perder-chance-de-lutar-pelo-cinturao-glover-teixeira-esta-disponivel-para-lutar-no-ufc-168\/","title":{"rendered":"Com risco de perder chance de lutar pelo cintur\u00e3o, Glover Teixeira est\u00e1 dispon\u00edvel para lutar no UFC 168"},"content":{"rendered":"<figure id=\"attachment_7557\" aria-describedby=\"caption-attachment-7557\" style=\"width: 622px\" class=\"wp-caption aligncenter\"><a href=\"https:\/\/blogs.gazetaesportiva.com\/planeta-octogono\/files\/2013\/09\/1086_02.49.2013_46439_ef_20130902.jpg\"><img loading=\"lazy\" decoding=\"async\" class=\" wp-image-7557     \" alt=\"Glover (esquerda) pode precisar lutar mais uma vez - Alexandre Loureiro\/Inovafoto\" src=\"https:\/\/blogs.gazetaesportiva.com\/planeta-octogono\/files\/2013\/09\/1086_02.49.2013_46439_ef_20130902.jpg\" width=\"622\" height=\"414\" \/><\/a><figcaption id=\"caption-attachment-7557\" class=\"wp-caption-text\">Glover (esquerda) pode precisar lutar mais uma vez &#8211; Alexandre Loureiro\/Inovafoto<\/figcaption><\/figure>\n<p>&nbsp;<\/p>\n<p>Ap\u00f3s o grande combate entre Jon Jones e Alexander Gustafsson no UFC 165, as chances do brasileiro Glover Teixeira em lutar pelo cintur\u00e3o na pr\u00f3xima luta podem diminuir.<\/p>\n<p>Ciente da situa\u00e7\u00e3o, o brasileiro se mostrou aberto a lutar mais uma vez se for da vontade do UFC.<\/p>\n<p>&#8220;Acho que esse seria um bom card para lutar. \u00c9 em 28 de dezembro, ent\u00e3o \u00e9 uma boa por\u00e7\u00e3o de tempo para eu me recuperar desta pequena les\u00e3o que tenho.<\/p>\n<p>Gostaria de voltar e lutar, mas n\u00e3o quero me apressar. \u00c9 o trabalho do meu agente resolver isso.<\/p>\n<p>Veremos o que vai acontecer. Vou esperar algumas semanas a mais, esperar meu telefone tocar e a\u00ed decidir.&#8221; disse o lutador ao site americano MMA Sentinel, revelando a chance de lutar no UFC 168 que acontece no dia 28 de dezembro.<\/p>\n<p>Glover acredita que somente uma revanche entre Jones e Gustafsson pode tirar a chance de lutar pelo cintur\u00e3o agora.<\/p>\n<p>&#8220;Se eu for o pr\u00f3ximo cara a receber uma chance de cintur\u00e3o, gostaria de ter muito tempo para me preparar.<\/p>\n<p>Pode ser oito meses, mas esta \u00e9 a luta que eu queria, e estou disposto a esperar por ela.<\/p>\n<p>O neg\u00f3cio \u00e9, se eles lutarem de novo primeiro, a\u00ed eu vou aceitar outra luta tamb\u00e9m&#8221;. Analisou o lutador.<\/p>\n","protected":false},"excerpt":{"rendered":"<p>&nbsp; Ap\u00f3s o grande combate entre Jon Jones e Alexander Gustafsson no UFC 165, as chances do brasileiro Glover Teixeira em lutar pelo cintur\u00e3o na <a class=\"read-more\" href=\"https:\/\/blogs.gazetaesportiva.com\/planeta-octogono\/2013\/09\/26\/com-risco-de-perder-chance-de-lutar-pelo-cinturao-glover-teixeira-esta-disponivel-para-lutar-no-ufc-168\/\">leia mais<\/a><\/p>\n","protected":false},"author":33,"featured_media":0,"comment_status":"open","ping_status":"open","sticky":false,"template":"","format":"standard","meta":{"jetpack_post_was_ever_published":false,"_jetpack_newsletter_access":"","_jetpack_dont_email_post_to_subs":false,"_jetpack_newsletter_tier_id":0,"_jetpack_memberships_contains_paywalled_content":false,"_jetpack_memberships_contains_paid_content":false,"footnotes":"","jetpack_publicize_message":"","jetpack_publicize_feature_enabled":true,"jetpack_social_post_already_shared":false,"jetpack_social_options":{"image_generator_settings":{"template":"highway","default_image_id":0,"font":"","enabled":false},"version":2}},"categories":[1],"tags":[163],"class_list":["post-7923","post","type-post","status-publish","format-standard","hentry","category-principal","tag-glover-teixeira"],"jetpack_publicize_connections":[],"jetpack_featured_media_url":"","jetpack_sharing_enabled":true,"jetpack_shortlink":"https:\/\/wp.me\/p6rqUQ-23N","_links":{"self":[{"href":"https:\/\/blogs.gazetaesportiva.com\/planeta-octogono\/wp-json\/wp\/v2\/posts\/7923","targetHints":{"allow":["GET"]}}],"collection":[{"href":"https:\/\/blogs.gazetaesportiva.com\/planeta-octogono\/wp-json\/wp\/v2\/posts"}],"about":[{"href":"https:\/\/blogs.gazetaesportiva.com\/planeta-octogono\/wp-json\/wp\/v2\/types\/post"}],"author":[{"embeddable":true,"href":"https:\/\/blogs.gazetaesportiva.com\/planeta-octogono\/wp-json\/wp\/v2\/users\/33"}],"replies":[{"embeddable":true,"href":"https:\/\/blogs.gazetaesportiva.com\/planeta-octogono\/wp-json\/wp\/v2\/comments?post=7923"}],"version-history":[{"count":0,"href":"https:\/\/blogs.gazetaesportiva.com\/planeta-octogono\/wp-json\/wp\/v2\/posts\/7923\/revisions"}],"wp:attachment":[{"href":"https:\/\/blogs.gazetaesportiva.com\/planeta-octogono\/wp-json\/wp\/v2\/media?parent=7923"}],"wp:term":[{"taxonomy":"category","embeddable":true,"href":"https:\/\/blogs.gazetaesportiva.com\/planeta-octogono\/wp-json\/wp\/v2\/categories?post=7923"},{"taxonomy":"post_tag","embeddable":true,"href":"https:\/\/blogs.gazetaesportiva.com\/planeta-octogono\/wp-json\/wp\/v2\/tags?post=7923"}],"curies":[{"name":"wp","href":"https:\/\/api.w.org\/{rel}","templated":true}]}}