{"id":7909,"date":"2013-09-25T02:41:32","date_gmt":"2013-09-25T05:41:32","guid":{"rendered":"https:\/\/blogs.gazetaesportiva.com\/planeta-octogono\/?p=7909"},"modified":"2013-09-25T02:42:09","modified_gmt":"2013-09-25T05:42:09","slug":"com-lutadora-de-mma-brasil-disputa-mundial-wako-de-kickboxing-2013-com-grandes-talentos-para-a-edicao-neste-fim-de-semana","status":"publish","type":"post","link":"https:\/\/blogs.gazetaesportiva.com\/planeta-octogono\/2013\/09\/25\/com-lutadora-de-mma-brasil-disputa-mundial-wako-de-kickboxing-2013-com-grandes-talentos-para-a-edicao-neste-fim-de-semana\/","title":{"rendered":"Com lutadora de MMA, Brasil disputa Mundial WAKO de Kickboxing 2013 com grandes talentos para a edi\u00e7\u00e3o em outubro"},"content":{"rendered":"<p>&nbsp;<\/p>\n<figure id=\"attachment_7910\" aria-describedby=\"caption-attachment-7910\" style=\"width: 432px\" class=\"wp-caption aligncenter\"><a href=\"https:\/\/blogs.gazetaesportiva.com\/planeta-octogono\/files\/2013\/09\/kiiberly.jpg\"><img loading=\"lazy\" decoding=\"async\" class=\" wp-image-7910 \" alt=\"Kinberly Novaes participa de Mundial de Kickboxing - Divulga\u00e7\u00e3o Metropolitano\" src=\"https:\/\/blogs.gazetaesportiva.com\/planeta-octogono\/files\/2013\/09\/kiiberly.jpg\" width=\"432\" height=\"425\" \/><\/a><figcaption id=\"caption-attachment-7910\" class=\"wp-caption-text\">Kinberly Novaes participa de Mundial de Kickboxing &#8211; Divulga\u00e7\u00e3o Metropolitano<\/figcaption><\/figure>\n<p>Grandes atletas da modalidade no Brasil confirmaram presen\u00e7a no Mundial WAKO de Kickboxing 2013, que ser\u00e1 realizado entre 28 de setembro e 4 de outubro, no Guaruj\u00e1 (SP). As finais ser\u00e3o disputadas no dia 5 de outubro, em S\u00e3o Paulo (SP), com transmiss\u00e3o ao vivo dos canais Esporte Interativo e Bandsports.<\/p>\n<p>O evento contar\u00e1 com lutas masculinas e femininas nas modalidades Low Kick e K1 Rules. Felipe Micheletti, Alex Pereira, Fernando Nonato e Thiago Michel s\u00e3o as maiores esperan\u00e7as de medalhas brasileiras entre os homens. No Feminino, destaque para Thiara Borghardt, Juliana Aguiar e Kinberly Novaes.<\/p>\n<p>&#8220;Estamos confiantes em obtermos resultados not\u00e1veis, pois teremos uma equipe forte nesta primeira vez que o Pa\u00eds recebe o Mundial&#8221;, afirma Paulo Zorello, presidente da Confedera\u00e7\u00e3o Brasileira de Kickboxing (CBKB).<\/p>\n<p>Um dos atletas mais conceituados do Brasil, o paulista Alex Pereira vai para o Mundial para disputar a categoria K1 Rules (- 86 Kg) com um curr\u00edculo de primeira linha, em que est\u00e3o o t\u00edtulo nacional e panamericano, este \u00faltimo obtido em agosto, no WGP 15, ap\u00f3s nocaute sensacional sobre o argentino Matias Adaro.<\/p>\n<p>&#8220;O objetivo \u00e9 conquistar a medalha de ouro. Ainda n\u00e3o sei quem ser\u00e3o meus advers\u00e1rios, mas estou preparado para enfrentar qualquer um. Quero colocar o Brasil no topo do p\u00f3dio&#8221;, afirma o lutador Alex Pereira.<\/p>\n<p>Outros atletas que defender\u00e3o o Pa\u00eds no Guaruj\u00e1 com t\u00edtulos brasileiro e panamericano, neste caso amador, s\u00e3o o tamb\u00e9m paulista Felipe Micheletti e o carioca Fernando Nonato. O primeiro competir\u00e1 na K1 Rules (+ 91kg) e o segundo, na K1 Rules (- 81 Kg). Ambos s\u00e3o campe\u00f5es do WGP em suas respectivas categorias.<\/p>\n<p>O mineiro Thiago Michel, por sua vez, tenta no Mundial manter a invencibilidade de mais de dez anos e, assim, conquistar a medalha de ouro na categoria Low Kicks (- 81 Kg). Em seu vitorioso cartel como profissional e amador est\u00e3o t\u00edtulos em diversas categorias.<\/p>\n<p><b>Feminino &#8211;<\/b>\u00a0A catarinense Kinberly Novaes \u00e9 a \u00fanica brasileira que conquistou medalha no \u00faltimo Mundial. A atleta de Joinville (SC) foi bronze na Maced\u00f4nia, em 2011, e espera melhorar este resultado no Brasil na categoria K1 Rules (- 56 Kg).<\/p>\n<p>Outros nomes fortes entre as representantes do Pa\u00eds est\u00e3o a capixaba Thiara Borghardt, na Low Kicks (- 60 Kg), e a catarinense e hexacampe\u00e3 nacional Juliana Aguiar, na K1 Rules (- 60Kg). Ambas tamb\u00e9m participaram do Mundial da Maced\u00f4nia.<\/p>\n<p>Entre os principais advers\u00e1rios do Brasil est\u00e3o as sele\u00e7\u00f5es mais fortes do mundo, como as equipes do Leste Europeu &#8211; R\u00fassia, Cro\u00e1cia e Cazaquist\u00e3o -, al\u00e9m de It\u00e1lia, Fran\u00e7a e Espanha, que se destacam no cen\u00e1rio internacional.<\/p>\n<p>O Mundial WAKO \u00e9 uma realiza\u00e7\u00e3o da Confedera\u00e7\u00e3o Brasileira de Kickboxing (CBKB), com apoio da Secretaria de Esporte, Lazer e Juventude do Estado de S\u00e3o Paulo. A fase final, na capital paulista, tem tamb\u00e9m a participa\u00e7\u00e3o da Secretaria de Esporte Lazer e Recrea\u00e7\u00e3o da Cidade de S\u00e3o Paulo.<\/p>\n<p><b>Programa\u00e7\u00e3o Oficial<\/b><\/p>\n<p><b>S\u00e1bado &#8211; 28 de setembro &#8211; Guaruj\u00e1<\/b><br \/>\n9h \u00e0s 17h &#8211; Pesagem oficial e exame m\u00e9dico<br \/>\n10h \u00e0s 13h &#8211; Treino da sele\u00e7\u00e3o brasileira<\/p>\n<p><b>Domingo &#8211; 29 de setembro &#8211; Guaruj\u00e1<\/b><br \/>\n9h \u00e0s 17h &#8211; Pesagem oficial e exame m\u00e9dico<br \/>\n10h \u00e0s 13h &#8211; Treino da sele\u00e7\u00e3o brasileira<\/p>\n<p><b>Segunda-Feira &#8211; 30 de setembro &#8211; Guaruj\u00e1<\/b><br \/>\n10h \u00e0s 13h &#8211; Treino da sele\u00e7\u00e3o brasileira<br \/>\n13h &#8211; Almo\u00e7o dos presidentes<br \/>\n15h &#8211; Congresso T\u00e9cnico \/ Congresso Arbitral \/ sorteio eletr\u00f4nico das chaves de competi\u00e7\u00e3o<br \/>\n16h \u00e0s 20h &#8211; Reuni\u00e3o do Board Director WAKO<br \/>\n19h &#8211; Assembl\u00e9ia Geral Panamericana<\/p>\n<p><b>Ter\u00e7a-Feira &#8211; 1 de outubro &#8211; Guaruj\u00e1<\/b><br \/>\n7h \u00e0s 8h30 &#8211; Pesagem Oficial<br \/>\n8h &#8211; Concentra\u00e7\u00e3o das delega\u00e7\u00f5es<br \/>\n9h &#8211; In\u00edcio das competi\u00e7\u00f5es do dia<br \/>\n19h &#8211; Encerramento das competi\u00e7\u00f5es do dia<\/p>\n<p><b>Quarta-Feira &#8211; 2 de outubro &#8211; Guaruj\u00e1<\/b><br \/>\n07h30 \u00e0s 8h30 &#8211; Pesagem Oficial<br \/>\n9h &#8211; Concentra\u00e7\u00e3o das delega\u00e7\u00f5es<br \/>\n10h &#8211; In\u00edcio das competi\u00e7\u00f5es do dia<br \/>\n20h &#8211; Encerramento das competi\u00e7\u00f5es do dia<\/p>\n<p><b>Quinta-Feira &#8211; 3 de outubro &#8211; Guaruj\u00e1<\/b><br \/>\n07h30 as 8h30 &#8211; Pesagem Oficial<br \/>\n09h &#8211; Concentra\u00e7\u00e3o das delega\u00e7\u00f5es<br \/>\n10h &#8211; In\u00edcio das competi\u00e7\u00f5es do dia<br \/>\n20h &#8211; Encerramento das competi\u00e7\u00f5es do dia<\/p>\n<p><b>Sexta feira &#8211; 4 de outubro &#8211; Guaruj\u00e1<\/b><br \/>\n07h30 as 8h30 &#8211; Pesagem Oficial<br \/>\n09h &#8211; Concentra\u00e7\u00e3o das delega\u00e7\u00f5es<br \/>\n10h &#8211; In\u00edcio das competi\u00e7\u00f5es do dia, se necess\u00e1rio<br \/>\n20h &#8211; Encerramento das competi\u00e7\u00f5es do dia<br \/>\n18h &#8211; Abertura oficial do evento<br \/>\n19h &#8211; Primeira parte das finais, com a realiza\u00e7\u00e3o de 26 categorias em disputa pela medalha de ouro<br \/>\n22h &#8211; Encerramento das competi\u00e7\u00f5es do dia<br \/>\n23h &#8211; Sayonara Party<\/p>\n<p><b>S\u00e1bado &#8211; 5 de outubro de 2013 &#8211; S\u00e3o Paulo<\/b><br \/>\n07h30 \u00e0s 8h30 &#8211; Pesagem Oficial<br \/>\n14h &#8211; Concentra\u00e7\u00e3o das delega\u00e7\u00f5es<br \/>\n14h30 &#8211; Viagem \u00e0 cidade de S\u00e3o Paulo<br \/>\n19h &#8211; Concentra\u00e7\u00e3o das delega\u00e7\u00f5es no gin\u00e1sio<br \/>\n20h &#8211; In\u00edcio das finais especiais<\/p>\n<p><b>Servi\u00e7o<\/b><br \/>\n<b>Guaruj\u00e1<\/b><br \/>\n<b>Data:<\/b>\u00a028 de setembro a 4 de outubro<br \/>\n<b>Local:<\/b>\u00a0Casa Grande Hotel Resort &amp; Spa &#8211; Centro de Exposi\u00e7\u00f5es (av. Miguel St\u00e9fano, 1.001, Praia da Enseada)<\/p>\n<p><b>S\u00e3o Paulo<\/b><br \/>\n<b>Data:<\/b>\u00a05 de outubro<br \/>\n<b>Local:<\/b>\u00a0Clube Atl\u00e9tico Ypiranga (rua do Manifesto, 475, Ipiranga)<\/p>\n","protected":false},"excerpt":{"rendered":"<p>&nbsp; Grandes atletas da modalidade no Brasil confirmaram presen\u00e7a no Mundial WAKO de Kickboxing 2013, que ser\u00e1 realizado entre 28 de setembro e 4 de <a class=\"read-more\" href=\"https:\/\/blogs.gazetaesportiva.com\/planeta-octogono\/2013\/09\/25\/com-lutadora-de-mma-brasil-disputa-mundial-wako-de-kickboxing-2013-com-grandes-talentos-para-a-edicao-neste-fim-de-semana\/\">leia mais<\/a><\/p>\n","protected":false},"author":33,"featured_media":7910,"comment_status":"open","ping_status":"open","sticky":false,"template":"","format":"standard","meta":{"jetpack_post_was_ever_published":false,"_jetpack_newsletter_access":"","_jetpack_dont_email_post_to_subs":false,"_jetpack_newsletter_tier_id":0,"_jetpack_memberships_contains_paywalled_content":false,"_jetpack_memberships_contains_paid_content":false,"footnotes":"","jetpack_publicize_message":"","jetpack_publicize_feature_enabled":true,"jetpack_social_post_already_shared":false,"jetpack_social_options":{"image_generator_settings":{"template":"highway","default_image_id":0,"font":"","enabled":false},"version":2}},"categories":[1],"tags":[43,229],"class_list":["post-7909","post","type-post","status-publish","format-standard","has-post-thumbnail","hentry","category-principal","tag-kinberly-novaes","tag-wako"],"jetpack_publicize_connections":[],"jetpack_featured_media_url":"https:\/\/blogs.gazetaesportiva.com\/planeta-octogono\/files\/2013\/09\/kiiberly.jpg","jetpack_sharing_enabled":true,"jetpack_shortlink":"https:\/\/wp.me\/p6rqUQ-23z","_links":{"self":[{"href":"https:\/\/blogs.gazetaesportiva.com\/planeta-octogono\/wp-json\/wp\/v2\/posts\/7909","targetHints":{"allow":["GET"]}}],"collection":[{"href":"https:\/\/blogs.gazetaesportiva.com\/planeta-octogono\/wp-json\/wp\/v2\/posts"}],"about":[{"href":"https:\/\/blogs.gazetaesportiva.com\/planeta-octogono\/wp-json\/wp\/v2\/types\/post"}],"author":[{"embeddable":true,"href":"https:\/\/blogs.gazetaesportiva.com\/planeta-octogono\/wp-json\/wp\/v2\/users\/33"}],"replies":[{"embeddable":true,"href":"https:\/\/blogs.gazetaesportiva.com\/planeta-octogono\/wp-json\/wp\/v2\/comments?post=7909"}],"version-history":[{"count":0,"href":"https:\/\/blogs.gazetaesportiva.com\/planeta-octogono\/wp-json\/wp\/v2\/posts\/7909\/revisions"}],"wp:featuredmedia":[{"embeddable":true,"href":"https:\/\/blogs.gazetaesportiva.com\/planeta-octogono\/wp-json\/wp\/v2\/media\/7910"}],"wp:attachment":[{"href":"https:\/\/blogs.gazetaesportiva.com\/planeta-octogono\/wp-json\/wp\/v2\/media?parent=7909"}],"wp:term":[{"taxonomy":"category","embeddable":true,"href":"https:\/\/blogs.gazetaesportiva.com\/planeta-octogono\/wp-json\/wp\/v2\/categories?post=7909"},{"taxonomy":"post_tag","embeddable":true,"href":"https:\/\/blogs.gazetaesportiva.com\/planeta-octogono\/wp-json\/wp\/v2\/tags?post=7909"}],"curies":[{"name":"wp","href":"https:\/\/api.w.org\/{rel}","templated":true}]}}