{"id":7906,"date":"2013-09-25T02:32:52","date_gmt":"2013-09-25T05:32:52","guid":{"rendered":"https:\/\/blogs.gazetaesportiva.com\/planeta-octogono\/?p=7906"},"modified":"2013-09-25T02:32:52","modified_gmt":"2013-09-25T05:32:52","slug":"em-coletiva-respeitosa-anderson-silva-e-chris-weidman-promovem-revanche-em-las-vegas","status":"publish","type":"post","link":"https:\/\/blogs.gazetaesportiva.com\/planeta-octogono\/2013\/09\/25\/em-coletiva-respeitosa-anderson-silva-e-chris-weidman-promovem-revanche-em-las-vegas\/","title":{"rendered":"Em coletiva respeitosa, Anderson Silva e Chris Weidman promovem revanche em Las Vegas"},"content":{"rendered":"<figure id=\"attachment_7907\" aria-describedby=\"caption-attachment-7907\" style=\"width: 459px\" class=\"wp-caption aligncenter\"><a href=\"https:\/\/blogs.gazetaesportiva.com\/planeta-octogono\/files\/2013\/09\/544565_10151892008701276_834539347_n.jpg\"><img loading=\"lazy\" decoding=\"async\" class=\" wp-image-7907  \" alt=\"Lutadores promovem revanche em segundo dia de Tour do UFC em Las Vegas - Divulga\u00e7\u00e3o UFC\/Josh Hedges\" src=\"https:\/\/blogs.gazetaesportiva.com\/planeta-octogono\/files\/2013\/09\/544565_10151892008701276_834539347_n.jpg\" width=\"459\" height=\"614\" \/><\/a><figcaption id=\"caption-attachment-7907\" class=\"wp-caption-text\">Lutadores promovem revanche em segundo dia de Tour do UFC em Las Vegas &#8211; Divulga\u00e7\u00e3o UFC\/Josh Hedges<\/figcaption><\/figure>\n<p>&nbsp;<\/p>\n<p>A cidade de Las Vegas nos Estados Unidos recebeu o segundo dia do Tour de promo\u00e7\u00e3o do UFC 168, que acontece no dia 28 de dezembro na mesma cidade da coletiva desta ter\u00e7a feira.<\/p>\n<p>Com Anderson Silva e Chris Weidman e o Presidente do UFC, Dana White, os lutadores responderam a perguntas da imprensa.<\/p>\n<p>Declarando n\u00e3o estar mais pressionado, Anderson novamente revelou estar feliz e motivado para a revanche, agora que n\u00e3o tem mais a press\u00e3o de ter o cintur\u00e3o para manter.<\/p>\n<p>&#8220;Eu estou feliz. N\u00e3o tem mais press\u00e3o. Agora Weidman \u00e9 o campe\u00e3o. Minha motiva\u00e7\u00e3o \u00e9 minha fam\u00edlia, meus treinadores. Eu estou feliz.&#8221; disse Anderson que poupou respostas longas durante a coletiva.<\/p>\n<p>O lutador analisou a sua situa\u00e7\u00e3o e espera dar seu melhor no combate em dezembro.<\/p>\n<p>&#8220;Vai come\u00e7ar tudo de novo, vai ser aquela loucura toda. Faz parte do trabalho. Eu amo fazer isso. Quando comecei a treinar, n\u00e3o imaginava chegar onde cheguei.<\/p>\n<p>Queria ser t\u00e3o bom como meus professores. Foi bom eu ter perdido para entender como Deus foi bom na minha vida esse tempo todo.<\/p>\n<p>Ele me deu um presente, ser campe\u00e3o, que eu acabei esquecendo um pouco. Mas agora entendi como funciona, e muita coisa vai mudar.&#8221; prometeu o brasileiro que foi apoiado por um grande n\u00famero de brasileiros que estavam presentes na coletiva.<\/p>\n<p>Weidman tamb\u00e9m adotou o respeito e est\u00e1 focado em realizar uma performance melhor que a primeira para provar ao p\u00fablico que merece ser campe\u00e3o do UFC.<\/p>\n<p>&#8220;N\u00e3o me importo. Anderson merece esse tipo de respeito, \u00e9 o melhor de todos os tempos. Eu sabia que teria uma revanche, ele merece.<\/p>\n<p>Mesmo quando eu vencer de novo, vai haver gente achando que foi sorte. Neste esporte h\u00e1 muita gente invejosa. Sempre haver\u00e1 gente duvidando de voc\u00ea.<\/p>\n<p>Quero ir l\u00e1 e brilhar. H\u00e1 muitas pessoas duvidando de n\u00f3s l\u00e1 fora. Quero ser melhor todo dia, tenho que entrar e dar o m\u00e1ximo que posso.<\/p>\n<p>Eu tenho que tentar o que sentir, ou vou me arrepender depois. Ent\u00e3o vou para liquidar a luta.&#8221; disse o americano na coletiva.<\/p>\n<p>No final do evento, os lutadores se encararam e tapando a boca, Anderson arrancou sorrisos de todos os presentes, evitando que mais um &#8220;selinho&#8221; pudesse acontecer.<\/p>\n<p>&nbsp;<\/p>\n<p style=\"text-align: center\"><strong><em>Veja os melhores momentos da coletiva:<\/em><\/strong><\/p>\n<p style=\"text-align: center\"><strong><em><a href=\"http:\/\/www.youtube.com\/watch?v=fI10b7XBWNg\">[yframe url=&#8217;http:\/\/www.youtube.com\/watch?v=fI10b7XBWNg&#8217;]<\/a><\/em><\/strong><\/p>\n<p>&nbsp;<\/p>\n","protected":false},"excerpt":{"rendered":"<p>&nbsp; A cidade de Las Vegas nos Estados Unidos recebeu o segundo dia do Tour de promo\u00e7\u00e3o do UFC 168, que acontece no dia 28 <a class=\"read-more\" href=\"https:\/\/blogs.gazetaesportiva.com\/planeta-octogono\/2013\/09\/25\/em-coletiva-respeitosa-anderson-silva-e-chris-weidman-promovem-revanche-em-las-vegas\/\">leia mais<\/a><\/p>\n","protected":false},"author":33,"featured_media":7907,"comment_status":"open","ping_status":"open","sticky":false,"template":"","format":"standard","meta":{"jetpack_post_was_ever_published":false,"_jetpack_newsletter_access":"","_jetpack_dont_email_post_to_subs":false,"_jetpack_newsletter_tier_id":0,"_jetpack_memberships_contains_paywalled_content":false,"_jetpack_memberships_contains_paid_content":false,"footnotes":"","jetpack_publicize_message":"","jetpack_publicize_feature_enabled":true,"jetpack_social_post_already_shared":false,"jetpack_social_options":{"image_generator_settings":{"template":"highway","default_image_id":0,"font":"","enabled":false},"version":2}},"categories":[1],"tags":[22,50,100],"class_list":["post-7906","post","type-post","status-publish","format-standard","has-post-thumbnail","hentry","category-principal","tag-anderson-silva","tag-chris-weidman","tag-ufc-168"],"jetpack_publicize_connections":[],"jetpack_featured_media_url":"https:\/\/blogs.gazetaesportiva.com\/planeta-octogono\/files\/2013\/09\/544565_10151892008701276_834539347_n.jpg","jetpack_sharing_enabled":true,"jetpack_shortlink":"https:\/\/wp.me\/p6rqUQ-23w","_links":{"self":[{"href":"https:\/\/blogs.gazetaesportiva.com\/planeta-octogono\/wp-json\/wp\/v2\/posts\/7906","targetHints":{"allow":["GET"]}}],"collection":[{"href":"https:\/\/blogs.gazetaesportiva.com\/planeta-octogono\/wp-json\/wp\/v2\/posts"}],"about":[{"href":"https:\/\/blogs.gazetaesportiva.com\/planeta-octogono\/wp-json\/wp\/v2\/types\/post"}],"author":[{"embeddable":true,"href":"https:\/\/blogs.gazetaesportiva.com\/planeta-octogono\/wp-json\/wp\/v2\/users\/33"}],"replies":[{"embeddable":true,"href":"https:\/\/blogs.gazetaesportiva.com\/planeta-octogono\/wp-json\/wp\/v2\/comments?post=7906"}],"version-history":[{"count":0,"href":"https:\/\/blogs.gazetaesportiva.com\/planeta-octogono\/wp-json\/wp\/v2\/posts\/7906\/revisions"}],"wp:featuredmedia":[{"embeddable":true,"href":"https:\/\/blogs.gazetaesportiva.com\/planeta-octogono\/wp-json\/wp\/v2\/media\/7907"}],"wp:attachment":[{"href":"https:\/\/blogs.gazetaesportiva.com\/planeta-octogono\/wp-json\/wp\/v2\/media?parent=7906"}],"wp:term":[{"taxonomy":"category","embeddable":true,"href":"https:\/\/blogs.gazetaesportiva.com\/planeta-octogono\/wp-json\/wp\/v2\/categories?post=7906"},{"taxonomy":"post_tag","embeddable":true,"href":"https:\/\/blogs.gazetaesportiva.com\/planeta-octogono\/wp-json\/wp\/v2\/tags?post=7906"}],"curies":[{"name":"wp","href":"https:\/\/api.w.org\/{rel}","templated":true}]}}