{"id":7903,"date":"2013-09-24T01:07:02","date_gmt":"2013-09-24T04:07:02","guid":{"rendered":"https:\/\/blogs.gazetaesportiva.com\/planeta-octogono\/?p=7903"},"modified":"2013-09-24T01:07:02","modified_gmt":"2013-09-24T04:07:02","slug":"anderson-silva-faz-promessa-para-fas-em-programa-americano-vou-dar-a-weidman-o-nocaute-de-volta","status":"publish","type":"post","link":"https:\/\/blogs.gazetaesportiva.com\/planeta-octogono\/2013\/09\/24\/anderson-silva-faz-promessa-para-fas-em-programa-americano-vou-dar-a-weidman-o-nocaute-de-volta\/","title":{"rendered":"Anderson Silva faz promessa para f\u00e3s em programa americano: Vou dar a Weidman o nocaute de volta!"},"content":{"rendered":"<figure id=\"attachment_6658\" aria-describedby=\"caption-attachment-6658\" style=\"width: 576px\" class=\"wp-caption aligncenter\"><a href=\"https:\/\/blogs.gazetaesportiva.com\/planeta-octogono\/files\/2013\/07\/1044204_10151725413701276_710791487_n.jpg\"><img loading=\"lazy\" decoding=\"async\" class=\" wp-image-6658 \" alt=\"Anderson promete nocaute em revanche - Divulga\u00e7\u00e3o UFC\/Josh Hedges\" src=\"https:\/\/blogs.gazetaesportiva.com\/planeta-octogono\/files\/2013\/07\/1044204_10151725413701276_710791487_n.jpg\" width=\"576\" height=\"394\" \/><\/a><figcaption id=\"caption-attachment-6658\" class=\"wp-caption-text\">Anderson promete nocaute em revanche &#8211; Divulga\u00e7\u00e3o UFC\/Josh Hedges<\/figcaption><\/figure>\n<p>&nbsp;<\/p>\n<p>Em participa\u00e7\u00e3o no programa americano MMA hour, o lutador Anderson Silva fez uma promessa aos seus f\u00e3s.<\/p>\n<p>O lutador que est\u00e1 participando do tour do UFC em algumas cidades nos Estados Unidos participou do programa e em respeito aos f\u00e3s vai devolver o nocaute sofrido para Chris Weidman no UFC 162 em julho.<\/p>\n<p>&#8220;Estou no MMA h\u00e1 muito tempo, trabalho duro e tenho uma hist\u00f3ria nesse esporte. Conquistei muitos f\u00e3s pelo mundo, e respeito todos eles.<\/p>\n<p>A revanche contra Chris Weidman \u00e9 a minha chance de retribuir a eles tudo que eles me deram durante todo esse tempo.<\/p>\n<p>Quero devolver a eles o cintur\u00e3o como um presente. O novo Anderson est\u00e1 chegando, e devolverei o nocaute a Chris Weidman.&#8221; disse Anderson que novamente disse estar aliviado por n\u00e3o ter mais a press\u00e3o de ser o campe\u00e3o do UFC.<\/p>\n<p>&#8220;Realmente, fiquei um pouco aliviado, porque passei muito tempo como campe\u00e3o, defendendo o cintur\u00e3o do UFC.<\/p>\n<p>Mas \u00e9 preciso que as pessoas entendam que \u00e0s vezes temos um bom dia, e outras, n\u00e3o.<\/p>\n<p>E \u00e9 preciso dizer que Chris Weidman usou uma boa t\u00e9cnica e venceu. Ele \u00e9 o campe\u00e3o e precisa ser respeitado por isso.&#8221; comentou o lutador.<\/p>\n<p>A revanche de Anderson Silva e Chris Weidman est\u00e1 marcada para o UFC 168, que acontece no dia 28 de dezembro em Las Vegas.<\/p>\n","protected":false},"excerpt":{"rendered":"<p>&nbsp; Em participa\u00e7\u00e3o no programa americano MMA hour, o lutador Anderson Silva fez uma promessa aos seus f\u00e3s. O lutador que est\u00e1 participando do tour <a class=\"read-more\" href=\"https:\/\/blogs.gazetaesportiva.com\/planeta-octogono\/2013\/09\/24\/anderson-silva-faz-promessa-para-fas-em-programa-americano-vou-dar-a-weidman-o-nocaute-de-volta\/\">leia mais<\/a><\/p>\n","protected":false},"author":33,"featured_media":0,"comment_status":"open","ping_status":"open","sticky":false,"template":"","format":"standard","meta":{"jetpack_post_was_ever_published":false,"_jetpack_newsletter_access":"","_jetpack_dont_email_post_to_subs":false,"_jetpack_newsletter_tier_id":0,"_jetpack_memberships_contains_paywalled_content":false,"_jetpack_memberships_contains_paid_content":false,"footnotes":"","jetpack_publicize_message":"","jetpack_publicize_feature_enabled":true,"jetpack_social_post_already_shared":false,"jetpack_social_options":{"image_generator_settings":{"template":"highway","default_image_id":0,"font":"","enabled":false},"version":2}},"categories":[1],"tags":[22,50,100],"class_list":["post-7903","post","type-post","status-publish","format-standard","hentry","category-principal","tag-anderson-silva","tag-chris-weidman","tag-ufc-168"],"jetpack_publicize_connections":[],"jetpack_featured_media_url":"","jetpack_sharing_enabled":true,"jetpack_shortlink":"https:\/\/wp.me\/p6rqUQ-23t","_links":{"self":[{"href":"https:\/\/blogs.gazetaesportiva.com\/planeta-octogono\/wp-json\/wp\/v2\/posts\/7903","targetHints":{"allow":["GET"]}}],"collection":[{"href":"https:\/\/blogs.gazetaesportiva.com\/planeta-octogono\/wp-json\/wp\/v2\/posts"}],"about":[{"href":"https:\/\/blogs.gazetaesportiva.com\/planeta-octogono\/wp-json\/wp\/v2\/types\/post"}],"author":[{"embeddable":true,"href":"https:\/\/blogs.gazetaesportiva.com\/planeta-octogono\/wp-json\/wp\/v2\/users\/33"}],"replies":[{"embeddable":true,"href":"https:\/\/blogs.gazetaesportiva.com\/planeta-octogono\/wp-json\/wp\/v2\/comments?post=7903"}],"version-history":[{"count":0,"href":"https:\/\/blogs.gazetaesportiva.com\/planeta-octogono\/wp-json\/wp\/v2\/posts\/7903\/revisions"}],"wp:attachment":[{"href":"https:\/\/blogs.gazetaesportiva.com\/planeta-octogono\/wp-json\/wp\/v2\/media?parent=7903"}],"wp:term":[{"taxonomy":"category","embeddable":true,"href":"https:\/\/blogs.gazetaesportiva.com\/planeta-octogono\/wp-json\/wp\/v2\/categories?post=7903"},{"taxonomy":"post_tag","embeddable":true,"href":"https:\/\/blogs.gazetaesportiva.com\/planeta-octogono\/wp-json\/wp\/v2\/tags?post=7903"}],"curies":[{"name":"wp","href":"https:\/\/api.w.org\/{rel}","templated":true}]}}