{"id":7898,"date":"2013-09-24T00:53:58","date_gmt":"2013-09-24T03:53:58","guid":{"rendered":"https:\/\/blogs.gazetaesportiva.com\/planeta-octogono\/?p=7898"},"modified":"2013-09-24T00:58:59","modified_gmt":"2013-09-24T03:58:59","slug":"cigano-fecha-acordo-com-ronaldo-fenomeno-e-assina-com-a-9ine-para-luta-contra-velasquez-no-ufc-166","status":"publish","type":"post","link":"https:\/\/blogs.gazetaesportiva.com\/planeta-octogono\/2013\/09\/24\/cigano-fecha-acordo-com-ronaldo-fenomeno-e-assina-com-a-9ine-para-luta-contra-velasquez-no-ufc-166\/","title":{"rendered":"J\u00fanior Cigano fecha acordo com Ronaldo Fen\u00f4meno e assina com a 9ine para luta contra Velasquez no UFC 166"},"content":{"rendered":"<figure id=\"attachment_6672\" aria-describedby=\"caption-attachment-6672\" style=\"width: 620px\" class=\"wp-caption aligncenter\"><a href=\"https:\/\/blogs.gazetaesportiva.com\/planeta-octogono\/files\/2013\/07\/ciganofernadoprassgazeta1.jpeg\"><img loading=\"lazy\" decoding=\"async\" class=\"size-full wp-image-6672\" alt=\"Cigano ser\u00e1 representado pela empresa de Ronaldo Fen\u00f4meno - Fernando Prass\/Gazeta Press \" src=\"https:\/\/blogs.gazetaesportiva.com\/planeta-octogono\/files\/2013\/07\/ciganofernadoprassgazeta1.jpeg\" width=\"620\" height=\"413\" \/><\/a><figcaption id=\"caption-attachment-6672\" class=\"wp-caption-text\">Cigano ser\u00e1 representado pela empresa de Ronaldo Fen\u00f4meno &#8211; Fernando Prass\/Gazeta Press<\/figcaption><\/figure>\n<p>&nbsp;<\/p>\n<p>\u00c9 oficial!<\/p>\n<p>O lutador J\u00fanior Cigano anunciou na madrugada desta segunda para ter\u00e7a feira no Brasil que \u00e9 o novo integrante da empresa 9ine, comandada pelo ex-jogador de futebol Ronaldo Fen\u00f4meno.<\/p>\n<p>Cigano que enfrenta o campe\u00e3o do UFC, Cain Velasquez fez um an\u00fancio oficial atrav\u00e9s de suas redes sociais revelando o acerto e comentando o acordo.<\/p>\n<p>&#8220;Muito feliz com essa grande parceria que fechamos agora com a ag\u00eancia @9inewpp. Tenho certeza que o time estar\u00e1 ainda mais fortalecido rumo a grandes conquistas. Agrade\u00e7o muito a toda a 9ine, ao Marcus Buaiz e Ronaldo pela confian\u00e7a depositada em mim.&#8221; Agradeceu o lutador.<\/p>\n<p>A empresa que al\u00e9m de Anderson Silva e Cigano tem nomes como Neymar e Lucas, vai cuidar da imagem de Cigano, al\u00e9m de suas m\u00eddias sociais e negociar patroc\u00ednios para o lutador.<\/p>\n<p>\u00c9 o segundo lutador do UFC que a empresa de Ronaldo tem em seu plantel. Anderson Silva foi o primeiro atleta a ser cliente da empresa de Ronaldo Fen\u00f4meno e do empres\u00e1rio Marcus Buaiz.<\/p>\n","protected":false},"excerpt":{"rendered":"<p>&nbsp; \u00c9 oficial! O lutador J\u00fanior Cigano anunciou na madrugada desta segunda para ter\u00e7a feira no Brasil que \u00e9 o novo integrante da empresa 9ine, <a class=\"read-more\" href=\"https:\/\/blogs.gazetaesportiva.com\/planeta-octogono\/2013\/09\/24\/cigano-fecha-acordo-com-ronaldo-fenomeno-e-assina-com-a-9ine-para-luta-contra-velasquez-no-ufc-166\/\">leia mais<\/a><\/p>\n","protected":false},"author":33,"featured_media":0,"comment_status":"open","ping_status":"open","sticky":false,"template":"","format":"standard","meta":{"jetpack_post_was_ever_published":false,"_jetpack_newsletter_access":"","_jetpack_dont_email_post_to_subs":false,"_jetpack_newsletter_tier_id":0,"_jetpack_memberships_contains_paywalled_content":false,"_jetpack_memberships_contains_paid_content":false,"footnotes":"","jetpack_publicize_message":"","jetpack_publicize_feature_enabled":true,"jetpack_social_post_already_shared":false,"jetpack_social_options":{"image_generator_settings":{"template":"highway","default_image_id":0,"font":"","enabled":false},"version":2}},"categories":[1],"tags":[91,139],"class_list":["post-7898","post","type-post","status-publish","format-standard","hentry","category-principal","tag-junior-cigano","tag-ronaldo-fenomeno"],"jetpack_publicize_connections":[],"jetpack_featured_media_url":"","jetpack_sharing_enabled":true,"jetpack_shortlink":"https:\/\/wp.me\/p6rqUQ-23o","_links":{"self":[{"href":"https:\/\/blogs.gazetaesportiva.com\/planeta-octogono\/wp-json\/wp\/v2\/posts\/7898","targetHints":{"allow":["GET"]}}],"collection":[{"href":"https:\/\/blogs.gazetaesportiva.com\/planeta-octogono\/wp-json\/wp\/v2\/posts"}],"about":[{"href":"https:\/\/blogs.gazetaesportiva.com\/planeta-octogono\/wp-json\/wp\/v2\/types\/post"}],"author":[{"embeddable":true,"href":"https:\/\/blogs.gazetaesportiva.com\/planeta-octogono\/wp-json\/wp\/v2\/users\/33"}],"replies":[{"embeddable":true,"href":"https:\/\/blogs.gazetaesportiva.com\/planeta-octogono\/wp-json\/wp\/v2\/comments?post=7898"}],"version-history":[{"count":0,"href":"https:\/\/blogs.gazetaesportiva.com\/planeta-octogono\/wp-json\/wp\/v2\/posts\/7898\/revisions"}],"wp:attachment":[{"href":"https:\/\/blogs.gazetaesportiva.com\/planeta-octogono\/wp-json\/wp\/v2\/media?parent=7898"}],"wp:term":[{"taxonomy":"category","embeddable":true,"href":"https:\/\/blogs.gazetaesportiva.com\/planeta-octogono\/wp-json\/wp\/v2\/categories?post=7898"},{"taxonomy":"post_tag","embeddable":true,"href":"https:\/\/blogs.gazetaesportiva.com\/planeta-octogono\/wp-json\/wp\/v2\/tags?post=7898"}],"curies":[{"name":"wp","href":"https:\/\/api.w.org\/{rel}","templated":true}]}}