{"id":7891,"date":"2013-09-24T00:05:20","date_gmt":"2013-09-24T03:05:20","guid":{"rendered":"https:\/\/blogs.gazetaesportiva.com\/planeta-octogono\/?p=7891"},"modified":"2013-09-24T00:33:56","modified_gmt":"2013-09-24T03:33:56","slug":"wanderlei-silva-e-chael-sonnen-voltam-a-se-provocar-e-americano-diz-que-lutas-no-pride-eram-armadas","status":"publish","type":"post","link":"https:\/\/blogs.gazetaesportiva.com\/planeta-octogono\/2013\/09\/24\/wanderlei-silva-e-chael-sonnen-voltam-a-se-provocar-e-americano-diz-que-lutas-no-pride-eram-armadas\/","title":{"rendered":"Wanderlei Silva e Chael Sonnen voltam a se provocar e americano diz que lutas no PRIDE eram armadas"},"content":{"rendered":"<figure id=\"attachment_4223\" aria-describedby=\"caption-attachment-4223\" style=\"width: 547px\" class=\"wp-caption aligncenter\"><a href=\"https:\/\/blogs.gazetaesportiva.com\/planeta-octogono\/files\/2013\/03\/cerjwanderlei_lro_220313020.jpg\"><img loading=\"lazy\" decoding=\"async\" class=\" wp-image-4223   \" alt=\"Wanderlei quer dar surra em americano em sua casa  - Divulga\u00e7\u00e3o Centauro\" src=\"https:\/\/blogs.gazetaesportiva.com\/planeta-octogono\/files\/2013\/03\/cerjwanderlei_lro_220313020.jpg\" width=\"547\" height=\"378\" \/><\/a><figcaption id=\"caption-attachment-4223\" class=\"wp-caption-text\">Wanderlei quer dar surra em americano em sua casa &#8211; Divulga\u00e7\u00e3o Centauro<\/figcaption><\/figure>\n<p>&nbsp;<\/p>\n<p>As provoca\u00e7\u00f5es entre a lenda brasileira do MMA, Wanderlei Silva e o americano Chael Sonnen tiveram mais um cap\u00edtulo nesta segunda feira.<\/p>\n<p>Em entrevistas ao site MMA Fighting, Wanderlei e Sonnen se provocaram novamente sendo que o brasileiro j\u00e1 revelou querer aplicar uma surra no americano.<\/p>\n<p>&#8220;J\u00e1 conversei com o patr\u00e3o e disse que luto no Brasil ou no Oregon. Eu quero bater nele na frente dos seus amigos. Quero que eles vejam o quanto eu vou espanc\u00e1-lo.<\/p>\n<figure id=\"attachment_3114\" aria-describedby=\"caption-attachment-3114\" style=\"width: 383px\" class=\"wp-caption alignleft\"><a href=\"https:\/\/blogs.gazetaesportiva.com\/planeta-octogono\/files\/2013\/01\/1086_18.58.2013_18440_ef_20120424-1.jpg\"><img loading=\"lazy\" decoding=\"async\" class=\" wp-image-3114    \" alt=\"Sonnen responde a provoca\u00e7\u00f5es de Wanderlei citando evento japon\u00eas - Wander Roberto\/Inovafoto\" src=\"https:\/\/blogs.gazetaesportiva.com\/planeta-octogono\/files\/2013\/01\/1086_18.58.2013_18440_ef_20120424-1.jpg\" width=\"383\" height=\"263\" \/><\/a><figcaption id=\"caption-attachment-3114\" class=\"wp-caption-text\">Sonnen responde a provoca\u00e7\u00f5es de Wanderlei citando evento japon\u00eas &#8211; Wander Roberto\/Inovafoto<\/figcaption><\/figure>\n<p>Eu topo lutar at\u00e9 no jardim da casa dele. Pode chamar todos os amigos. Quero que o Sonnen tenha vergonha do tanto que vai apanhar de mim.\u00a0J\u00e1 voltei aos treinos, e em breve estarei pronto para lutar.<\/p>\n<p>N\u00e3o sei se ainda esse ano, mas do jeito que as coisas est\u00e3o no UFC, voc\u00ea tem que estar preparado para lutar a qualquer hora, porque eles podem te ligar de uma hora para outra. Em tempos de guerra, voc\u00ea tem que deixar suas armas sempre limpas.&#8221; disse Wanderlei que n\u00e3o se importa com o resultado do confronto de Sonnen contra Rashad Evans que acontece no UFC 167 em novembro.<\/p>\n<p>&#8220;Quero essa luta qualquer que seja o resultado da luta dele contra o Rashad. N\u00e3o me importa. N\u00e3o sou o tipo de lutador que s\u00f3 aceita lutar contra um cara que venha de vit\u00f3ria.<\/p>\n<p>Essa luta contra o Sonnen \u00e9 interessante, e tenho que estar pronto, porque ele \u00e9 um bom atleta, e tenho que estar preparado para fazer o que os f\u00e3s esperam que eu fa\u00e7a: dar uma surra nele.<\/p>\n<p>O problema \u00e9 que Rashad vai acabar com ele. Espero que ele deixe um pouco para mim.<\/p>\n<p>Sonnen n\u00e3o vai al\u00e9m do segundo round contra Rashad, e eu espero que ele fa\u00e7a isso mesmo. Minha torcida \u00e9 essa.&#8221; disse a lenda brasileira que teve a resposta do americano em seguida.<\/p>\n<p>&#8220;Estou implicando com ele? Sim, estou implicando com ele. Isso remonta a quando ele estava lutando no Jap\u00e3o.<\/p>\n<p>Eu fui o primeiro cara a apontar o fato de que aquelas lutas eram falsas, que ele n\u00e3o ganhou lutas no Jap\u00e3o. Elas foram armadas.<\/p>\n<p>Mas assim que eu disse isso, outros caras come\u00e7aram a sair e dizer.<\/p>\n<p>Chael est\u00e1 certo. De Gary Goodridge a Mark Coleman, Don Frye. Sim, n\u00f3s est\u00e1vamos nos bastidores, e sim, isso era armado.&#8221; atacou o americano dizendo que o maior evento da hist\u00f3ria do MMA, o extinto evento japon\u00eas PRIDE tinha lutas armadas.<\/p>\n<p>Sonnen indicou que Wanderlei n\u00e3o aceitou um combate contra Sonnen no mesmo UFC 167 e por isto Rashad Evans foi escolhido como substituto.<\/p>\n<p>&#8220;A vers\u00e3o de Wanderlei: &#8220;Eu adoraria fazer isso, mas o UFC n\u00e3o me ofereceu a luta&#8221;.<\/p>\n<p>Mas quem acredita que o UFC n\u00e3o tentou colocar este colossal mega luta entre dois caras que realmente desdenham do outro \u00e9 mais do que tolo.<\/p>\n<p>N\u00f3s estamos nesse neg\u00f3cio de luta por uma raz\u00e3o. Para lutar . H\u00e1 pessoas l\u00e1 fora que eu n\u00e3o gosto.<\/p>\n<p>Mas, ao mesmo tempo, se essas pessoas est\u00e3o preferindo fazer suas lutas com v\u00eddeos legendados, e o resto de n\u00f3s prefere fazer nossas lutas no oct\u00f3gono, temos de operar dentro dessa hierarquia.\u00a0N\u00e3o h\u00e1 muito que possamos fazer.&#8221; disse Sonnen.<\/p>\n<p>Wanderlei ainda n\u00e3o tem combate marcado no UFC e sua rivalidade com Sonnen n\u00e3o \u00e9 de hoje. O lutador publicou recentemente um v\u00eddeo desafiando o americano para um combate.<\/p>\n<p>&nbsp;<\/p>\n<p style=\"text-align: center\"><em><strong>Veja o desafio de Wanderlei para Sonnen:<\/strong><\/em><\/p>\n<p style=\"text-align: center\"><em><strong>[yframe url=&#8217;http:\/\/www.youtube.com\/watch?v=V0tg0eSdFcE&#8217;]<\/strong><\/em><\/p>\n","protected":false},"excerpt":{"rendered":"<p>&nbsp; As provoca\u00e7\u00f5es entre a lenda brasileira do MMA, Wanderlei Silva e o americano Chael Sonnen tiveram mais um cap\u00edtulo nesta segunda feira. Em entrevistas <a class=\"read-more\" href=\"https:\/\/blogs.gazetaesportiva.com\/planeta-octogono\/2013\/09\/24\/wanderlei-silva-e-chael-sonnen-voltam-a-se-provocar-e-americano-diz-que-lutas-no-pride-eram-armadas\/\">leia mais<\/a><\/p>\n","protected":false},"author":33,"featured_media":0,"comment_status":"open","ping_status":"open","sticky":false,"template":"","format":"standard","meta":{"jetpack_post_was_ever_published":false,"_jetpack_newsletter_access":"","_jetpack_dont_email_post_to_subs":false,"_jetpack_newsletter_tier_id":0,"_jetpack_memberships_contains_paywalled_content":false,"_jetpack_memberships_contains_paid_content":false,"footnotes":"","jetpack_publicize_message":"","jetpack_publicize_feature_enabled":true,"jetpack_social_post_already_shared":false,"jetpack_social_options":{"image_generator_settings":{"template":"highway","default_image_id":0,"font":"","enabled":false},"version":2}},"categories":[1],"tags":[252,116],"class_list":["post-7891","post","type-post","status-publish","format-standard","hentry","category-principal","tag-chael-sonnen","tag-wanderlei-silva"],"jetpack_publicize_connections":[],"jetpack_featured_media_url":"","jetpack_sharing_enabled":true,"jetpack_shortlink":"https:\/\/wp.me\/p6rqUQ-23h","_links":{"self":[{"href":"https:\/\/blogs.gazetaesportiva.com\/planeta-octogono\/wp-json\/wp\/v2\/posts\/7891","targetHints":{"allow":["GET"]}}],"collection":[{"href":"https:\/\/blogs.gazetaesportiva.com\/planeta-octogono\/wp-json\/wp\/v2\/posts"}],"about":[{"href":"https:\/\/blogs.gazetaesportiva.com\/planeta-octogono\/wp-json\/wp\/v2\/types\/post"}],"author":[{"embeddable":true,"href":"https:\/\/blogs.gazetaesportiva.com\/planeta-octogono\/wp-json\/wp\/v2\/users\/33"}],"replies":[{"embeddable":true,"href":"https:\/\/blogs.gazetaesportiva.com\/planeta-octogono\/wp-json\/wp\/v2\/comments?post=7891"}],"version-history":[{"count":0,"href":"https:\/\/blogs.gazetaesportiva.com\/planeta-octogono\/wp-json\/wp\/v2\/posts\/7891\/revisions"}],"wp:attachment":[{"href":"https:\/\/blogs.gazetaesportiva.com\/planeta-octogono\/wp-json\/wp\/v2\/media?parent=7891"}],"wp:term":[{"taxonomy":"category","embeddable":true,"href":"https:\/\/blogs.gazetaesportiva.com\/planeta-octogono\/wp-json\/wp\/v2\/categories?post=7891"},{"taxonomy":"post_tag","embeddable":true,"href":"https:\/\/blogs.gazetaesportiva.com\/planeta-octogono\/wp-json\/wp\/v2\/tags?post=7891"}],"curies":[{"name":"wp","href":"https:\/\/api.w.org\/{rel}","templated":true}]}}