{"id":7889,"date":"2013-09-23T22:28:30","date_gmt":"2013-09-24T01:28:30","guid":{"rendered":"https:\/\/blogs.gazetaesportiva.com\/planeta-octogono\/?p=7889"},"modified":"2013-09-23T22:28:30","modified_gmt":"2013-09-24T01:28:30","slug":"veja-os-bastidores-do-ufc-165-que-aconteceu-neste-ultimo-sabado-em-toronto","status":"publish","type":"post","link":"https:\/\/blogs.gazetaesportiva.com\/planeta-octogono\/2013\/09\/23\/veja-os-bastidores-do-ufc-165-que-aconteceu-neste-ultimo-sabado-em-toronto\/","title":{"rendered":"Veja os bastidores do UFC 165 que aconteceu neste \u00faltimo s\u00e1bado em Toronto"},"content":{"rendered":"<figure id=\"attachment_7597\" aria-describedby=\"caption-attachment-7597\" style=\"width: 456px\" class=\"wp-caption aligncenter\"><a href=\"https:\/\/blogs.gazetaesportiva.com\/planeta-octogono\/files\/2013\/09\/ufc165poster.jpg\"><img loading=\"lazy\" decoding=\"async\" class=\"size-full wp-image-7597\" alt=\"UFC divulga v\u00eddeo de programa de bastidores - Divulga\u00e7\u00e3o UFC\" src=\"https:\/\/blogs.gazetaesportiva.com\/planeta-octogono\/files\/2013\/09\/ufc165poster.jpg\" width=\"456\" height=\"604\" \/><\/a><figcaption id=\"caption-attachment-7597\" class=\"wp-caption-text\">UFC divulga v\u00eddeo de programa de bastidores &#8211; Divulga\u00e7\u00e3o UFC<\/figcaption><\/figure>\n<p>&nbsp;<\/p>\n<p>O UFC divulgou um v\u00eddeo com os bastidores do UFC 165 que aconteceu neste \u00faltimo s\u00e1bado na cidade canadense de Toronto.<\/p>\n<p>Contando com a participa\u00e7\u00e3o de alguns lutadores do evento, veja tudo que aconteceu durante o UFC que foi realizado no Air Centre Arena.<\/p>\n<p>Nesta edi\u00e7\u00e3o, Renan Bar\u00e3o venceu por nocaute t\u00e9cnico Eddie Wineland e Jon Jones manteve seu cintur\u00e3o ao vencer o sueco Alexander Gustafsson em uma luta emocionante e pol\u00eamica.<\/p>\n<p>&nbsp;<\/p>\n<p style=\"text-align: center\"><strong>Veja os bastidores do UFC 165:<\/strong><\/p>\n<p style=\"text-align: center\"><strong>[yframe url=&#8217;http:\/\/www.youtube.com\/watch?v=ryAYfb5kcQ4&#8242;]<\/strong><\/p>\n","protected":false},"excerpt":{"rendered":"<p>&nbsp; O UFC divulgou um v\u00eddeo com os bastidores do UFC 165 que aconteceu neste \u00faltimo s\u00e1bado na cidade canadense de Toronto. Contando com a <a class=\"read-more\" href=\"https:\/\/blogs.gazetaesportiva.com\/planeta-octogono\/2013\/09\/23\/veja-os-bastidores-do-ufc-165-que-aconteceu-neste-ultimo-sabado-em-toronto\/\">leia mais<\/a><\/p>\n","protected":false},"author":33,"featured_media":0,"comment_status":"open","ping_status":"open","sticky":false,"template":"","format":"standard","meta":{"jetpack_post_was_ever_published":false,"_jetpack_newsletter_access":"","_jetpack_dont_email_post_to_subs":false,"_jetpack_newsletter_tier_id":0,"_jetpack_memberships_contains_paywalled_content":false,"_jetpack_memberships_contains_paid_content":false,"footnotes":"","jetpack_publicize_message":"","jetpack_publicize_feature_enabled":true,"jetpack_social_post_already_shared":false,"jetpack_social_options":{"image_generator_settings":{"template":"highway","default_image_id":0,"font":"","enabled":false},"version":2}},"categories":[1],"tags":[429],"class_list":["post-7889","post","type-post","status-publish","format-standard","hentry","category-principal","tag-ufc-165"],"jetpack_publicize_connections":[],"jetpack_featured_media_url":"","jetpack_sharing_enabled":true,"jetpack_shortlink":"https:\/\/wp.me\/p6rqUQ-23f","_links":{"self":[{"href":"https:\/\/blogs.gazetaesportiva.com\/planeta-octogono\/wp-json\/wp\/v2\/posts\/7889","targetHints":{"allow":["GET"]}}],"collection":[{"href":"https:\/\/blogs.gazetaesportiva.com\/planeta-octogono\/wp-json\/wp\/v2\/posts"}],"about":[{"href":"https:\/\/blogs.gazetaesportiva.com\/planeta-octogono\/wp-json\/wp\/v2\/types\/post"}],"author":[{"embeddable":true,"href":"https:\/\/blogs.gazetaesportiva.com\/planeta-octogono\/wp-json\/wp\/v2\/users\/33"}],"replies":[{"embeddable":true,"href":"https:\/\/blogs.gazetaesportiva.com\/planeta-octogono\/wp-json\/wp\/v2\/comments?post=7889"}],"version-history":[{"count":0,"href":"https:\/\/blogs.gazetaesportiva.com\/planeta-octogono\/wp-json\/wp\/v2\/posts\/7889\/revisions"}],"wp:attachment":[{"href":"https:\/\/blogs.gazetaesportiva.com\/planeta-octogono\/wp-json\/wp\/v2\/media?parent=7889"}],"wp:term":[{"taxonomy":"category","embeddable":true,"href":"https:\/\/blogs.gazetaesportiva.com\/planeta-octogono\/wp-json\/wp\/v2\/categories?post=7889"},{"taxonomy":"post_tag","embeddable":true,"href":"https:\/\/blogs.gazetaesportiva.com\/planeta-octogono\/wp-json\/wp\/v2\/tags?post=7889"}],"curies":[{"name":"wp","href":"https:\/\/api.w.org\/{rel}","templated":true}]}}