{"id":7885,"date":"2013-09-22T17:52:41","date_gmt":"2013-09-22T20:52:41","guid":{"rendered":"https:\/\/blogs.gazetaesportiva.com\/planeta-octogono\/?p=7885"},"modified":"2013-09-22T17:52:41","modified_gmt":"2013-09-22T20:52:41","slug":"desapontado-gustafsson-agradece-fas-e-analisa-performance-no-ufc-165-estou-muito-orgulhoso-do-que-fiz-hoje","status":"publish","type":"post","link":"https:\/\/blogs.gazetaesportiva.com\/planeta-octogono\/2013\/09\/22\/desapontado-gustafsson-agradece-fas-e-analisa-performance-no-ufc-165-estou-muito-orgulhoso-do-que-fiz-hoje\/","title":{"rendered":"Desapontado, Gustafsson agradece f\u00e3s e analisa performance no UFC 165: Estou muito orgulhoso do que fiz hoje!"},"content":{"rendered":"<figure id=\"attachment_7886\" aria-describedby=\"caption-attachment-7886\" style=\"width: 576px\" class=\"wp-caption aligncenter\"><a href=\"https:\/\/blogs.gazetaesportiva.com\/planeta-octogono\/files\/2013\/09\/1239761_585451171522244_1553740218_n.jpg\"><img loading=\"lazy\" decoding=\"async\" class=\" wp-image-7886 \" alt=\"Gustafsson analisa luta e agradece grande apoio dos f\u00e3s ap\u00f3s o combate - Divulga\u00e7\u00e3o UFC\/Ali Bello\" src=\"https:\/\/blogs.gazetaesportiva.com\/planeta-octogono\/files\/2013\/09\/1239761_585451171522244_1553740218_n.jpg\" width=\"576\" height=\"384\" \/><\/a><figcaption id=\"caption-attachment-7886\" class=\"wp-caption-text\">Gustafsson analisa luta e agradece grande apoio dos f\u00e3s ap\u00f3s o combate &#8211; Divulga\u00e7\u00e3o UFC\/Ali Bello<\/figcaption><\/figure>\n<p>&nbsp;<\/p>\n<p>Em entrevista a televis\u00e3o americana FOX Sports, o sueco Alexander Gustafsson analisou sua performance contra o americano Jon Jones no UFC 165.<\/p>\n<p>Orgulhoso, Gustafsson n\u00e3o quis criticar o resultado pol\u00eamico e preferiu agradecer os f\u00e3s por todo apoio recebido ap\u00f3s o combate.<\/p>\n<p>&#8220;\u00c9 muito dificil dizer. Eu n\u00e3o sei mas ele (Jones) \u00e9 campe\u00e3o por uma raz\u00e3o. Eu precisava acabar com a luta e n\u00e3o consegui fazer isto.<\/p>\n<p>Estou desapontado. \u00a0A grande li\u00e7\u00e3o \u00e9 ir mais para cima, eu n\u00e3o sei. Eu preciso sentar com calma e assistir o v\u00eddeo novamente.<\/p>\n<p>N\u00e3o me lembro muito o que aconteceu na luta, s\u00f3 apenas o que senti e o que fiz, mas vou voltar mais forte.<\/p>\n<p>Eu estou desapontado mas muito orgulhoso do que fiz esta noite e muito orgulhoso com minha equipe.<\/p>\n<p>Sou muito aben\u00e7oado por ter uma maravilhosa fam\u00edlia, namorada que me apoiam todos os dias.<\/p>\n<p>Eu quero agradecer todos os f\u00e3s, todo mundo que me fizeram dar o m\u00e1ximo (no combate).&#8217; disse o lutador que deseja uma revanche com Jones.<\/p>\n<p>&#8220;Absolutamente. Eu quero uma revanche na pr\u00f3xima luta se isso for poss\u00edvel fazer. Estarei pronto quando me chamarem.&#8221; completou o sueco.<\/p>\n<p>&nbsp;<\/p>\n","protected":false},"excerpt":{"rendered":"<p>&nbsp; Em entrevista a televis\u00e3o americana FOX Sports, o sueco Alexander Gustafsson analisou sua performance contra o americano Jon Jones no UFC 165. Orgulhoso, Gustafsson <a class=\"read-more\" href=\"https:\/\/blogs.gazetaesportiva.com\/planeta-octogono\/2013\/09\/22\/desapontado-gustafsson-agradece-fas-e-analisa-performance-no-ufc-165-estou-muito-orgulhoso-do-que-fiz-hoje\/\">leia mais<\/a><\/p>\n","protected":false},"author":33,"featured_media":7886,"comment_status":"open","ping_status":"open","sticky":false,"template":"","format":"standard","meta":{"jetpack_post_was_ever_published":false,"_jetpack_newsletter_access":"","_jetpack_dont_email_post_to_subs":false,"_jetpack_newsletter_tier_id":0,"_jetpack_memberships_contains_paywalled_content":false,"_jetpack_memberships_contains_paid_content":false,"footnotes":"","jetpack_publicize_message":"","jetpack_publicize_feature_enabled":true,"jetpack_social_post_already_shared":false,"jetpack_social_options":{"image_generator_settings":{"template":"highway","default_image_id":0,"font":"","enabled":false},"version":2}},"categories":[1],"tags":[308,85,429],"class_list":["post-7885","post","type-post","status-publish","format-standard","has-post-thumbnail","hentry","category-principal","tag-alexander-gustafsson","tag-jon-jones","tag-ufc-165"],"jetpack_publicize_connections":[],"jetpack_featured_media_url":"https:\/\/blogs.gazetaesportiva.com\/planeta-octogono\/files\/2013\/09\/1239761_585451171522244_1553740218_n.jpg","jetpack_sharing_enabled":true,"jetpack_shortlink":"https:\/\/wp.me\/p6rqUQ-23b","_links":{"self":[{"href":"https:\/\/blogs.gazetaesportiva.com\/planeta-octogono\/wp-json\/wp\/v2\/posts\/7885","targetHints":{"allow":["GET"]}}],"collection":[{"href":"https:\/\/blogs.gazetaesportiva.com\/planeta-octogono\/wp-json\/wp\/v2\/posts"}],"about":[{"href":"https:\/\/blogs.gazetaesportiva.com\/planeta-octogono\/wp-json\/wp\/v2\/types\/post"}],"author":[{"embeddable":true,"href":"https:\/\/blogs.gazetaesportiva.com\/planeta-octogono\/wp-json\/wp\/v2\/users\/33"}],"replies":[{"embeddable":true,"href":"https:\/\/blogs.gazetaesportiva.com\/planeta-octogono\/wp-json\/wp\/v2\/comments?post=7885"}],"version-history":[{"count":0,"href":"https:\/\/blogs.gazetaesportiva.com\/planeta-octogono\/wp-json\/wp\/v2\/posts\/7885\/revisions"}],"wp:featuredmedia":[{"embeddable":true,"href":"https:\/\/blogs.gazetaesportiva.com\/planeta-octogono\/wp-json\/wp\/v2\/media\/7886"}],"wp:attachment":[{"href":"https:\/\/blogs.gazetaesportiva.com\/planeta-octogono\/wp-json\/wp\/v2\/media?parent=7885"}],"wp:term":[{"taxonomy":"category","embeddable":true,"href":"https:\/\/blogs.gazetaesportiva.com\/planeta-octogono\/wp-json\/wp\/v2\/categories?post=7885"},{"taxonomy":"post_tag","embeddable":true,"href":"https:\/\/blogs.gazetaesportiva.com\/planeta-octogono\/wp-json\/wp\/v2\/tags?post=7885"}],"curies":[{"name":"wp","href":"https:\/\/api.w.org\/{rel}","templated":true}]}}