{"id":7883,"date":"2013-09-22T17:33:38","date_gmt":"2013-09-22T20:33:38","guid":{"rendered":"https:\/\/blogs.gazetaesportiva.com\/planeta-octogono\/?p=7883"},"modified":"2013-09-22T17:33:38","modified_gmt":"2013-09-22T20:33:38","slug":"veja-os-melhores-momentos-do-ufc-165","status":"publish","type":"post","link":"https:\/\/blogs.gazetaesportiva.com\/planeta-octogono\/2013\/09\/22\/veja-os-melhores-momentos-do-ufc-165\/","title":{"rendered":"Veja os melhores momentos do UFC 165"},"content":{"rendered":"<figure id=\"attachment_7878\" aria-describedby=\"caption-attachment-7878\" style=\"width: 576px\" class=\"wp-caption aligncenter\"><a href=\"https:\/\/blogs.gazetaesportiva.com\/planeta-octogono\/files\/2013\/09\/1238293_585451164855578_864054657_n.jpg\"><img loading=\"lazy\" decoding=\"async\" class=\" wp-image-7878 \" alt=\"Assista os melhores momentos do evento - Divulga\u00e7\u00e3o UFC\/Ali Bello\" src=\"https:\/\/blogs.gazetaesportiva.com\/planeta-octogono\/files\/2013\/09\/1238293_585451164855578_864054657_n.jpg\" width=\"576\" height=\"384\" \/><\/a><figcaption id=\"caption-attachment-7878\" class=\"wp-caption-text\">Assista os melhores momentos do evento &#8211; Divulga\u00e7\u00e3o UFC\/Ali Bello<\/figcaption><\/figure>\n<p>&nbsp;<\/p>\n<p>O UFC divulgou um v\u00eddeo com os melhores momentos da edi\u00e7\u00e3o 165 que aconteceu em Toronto no Canad\u00e1.<\/p>\n<p>Com o espetacular combate entre Alexander Gustafsson e Jon Jones que valeu a disputa de cintur\u00e3o meio pesado da categoria, o evento teve outros grandes combates al\u00e9m do grande nocaute do brasileiro Renan Bar\u00e3o.<\/p>\n<p>A pr\u00f3xima edi\u00e7\u00e3o do UFC ser\u00e1 em Barueri, dia 9 de outubro com o combate principal entre o brasileiro Demian Maia contra o americano Jake Shields.<\/p>\n<p>&nbsp;<\/p>\n<p style=\"text-align: center\"><em><strong>Assista os melhores momentos do UFC 165:<\/strong><\/em><\/p>\n<p style=\"text-align: center\"><em><strong>[yframe url=&#8217;http:\/\/www.youtube.com\/watch?v=0U9sHdzgI9E&#8217;]<\/strong><\/em><\/p>\n","protected":false},"excerpt":{"rendered":"<p>&nbsp; O UFC divulgou um v\u00eddeo com os melhores momentos da edi\u00e7\u00e3o 165 que aconteceu em Toronto no Canad\u00e1. Com o espetacular combate entre Alexander <a class=\"read-more\" href=\"https:\/\/blogs.gazetaesportiva.com\/planeta-octogono\/2013\/09\/22\/veja-os-melhores-momentos-do-ufc-165\/\">leia mais<\/a><\/p>\n","protected":false},"author":33,"featured_media":0,"comment_status":"open","ping_status":"open","sticky":false,"template":"","format":"standard","meta":{"jetpack_post_was_ever_published":false,"_jetpack_newsletter_access":"","_jetpack_dont_email_post_to_subs":false,"_jetpack_newsletter_tier_id":0,"_jetpack_memberships_contains_paywalled_content":false,"_jetpack_memberships_contains_paid_content":false,"footnotes":"","jetpack_publicize_message":"","jetpack_publicize_feature_enabled":true,"jetpack_social_post_already_shared":false,"jetpack_social_options":{"image_generator_settings":{"template":"highway","default_image_id":0,"font":"","enabled":false},"version":2}},"categories":[1],"tags":[429],"class_list":["post-7883","post","type-post","status-publish","format-standard","hentry","category-principal","tag-ufc-165"],"jetpack_publicize_connections":[],"jetpack_featured_media_url":"","jetpack_sharing_enabled":true,"jetpack_shortlink":"https:\/\/wp.me\/p6rqUQ-239","_links":{"self":[{"href":"https:\/\/blogs.gazetaesportiva.com\/planeta-octogono\/wp-json\/wp\/v2\/posts\/7883","targetHints":{"allow":["GET"]}}],"collection":[{"href":"https:\/\/blogs.gazetaesportiva.com\/planeta-octogono\/wp-json\/wp\/v2\/posts"}],"about":[{"href":"https:\/\/blogs.gazetaesportiva.com\/planeta-octogono\/wp-json\/wp\/v2\/types\/post"}],"author":[{"embeddable":true,"href":"https:\/\/blogs.gazetaesportiva.com\/planeta-octogono\/wp-json\/wp\/v2\/users\/33"}],"replies":[{"embeddable":true,"href":"https:\/\/blogs.gazetaesportiva.com\/planeta-octogono\/wp-json\/wp\/v2\/comments?post=7883"}],"version-history":[{"count":0,"href":"https:\/\/blogs.gazetaesportiva.com\/planeta-octogono\/wp-json\/wp\/v2\/posts\/7883\/revisions"}],"wp:attachment":[{"href":"https:\/\/blogs.gazetaesportiva.com\/planeta-octogono\/wp-json\/wp\/v2\/media?parent=7883"}],"wp:term":[{"taxonomy":"category","embeddable":true,"href":"https:\/\/blogs.gazetaesportiva.com\/planeta-octogono\/wp-json\/wp\/v2\/categories?post=7883"},{"taxonomy":"post_tag","embeddable":true,"href":"https:\/\/blogs.gazetaesportiva.com\/planeta-octogono\/wp-json\/wp\/v2\/tags?post=7883"}],"curies":[{"name":"wp","href":"https:\/\/api.w.org\/{rel}","templated":true}]}}