{"id":7880,"date":"2013-09-22T17:28:37","date_gmt":"2013-09-22T20:28:37","guid":{"rendered":"https:\/\/blogs.gazetaesportiva.com\/planeta-octogono\/?p=7880"},"modified":"2013-09-22T17:28:37","modified_gmt":"2013-09-22T20:28:37","slug":"presidente-do-ufc-enche-barao-de-elogios-apos-vitoria-espetacular-no-ufc-esse-cara-e-um-monstro","status":"publish","type":"post","link":"https:\/\/blogs.gazetaesportiva.com\/planeta-octogono\/2013\/09\/22\/presidente-do-ufc-enche-barao-de-elogios-apos-vitoria-espetacular-no-ufc-esse-cara-e-um-monstro\/","title":{"rendered":"Presidente do UFC enche Bar\u00e3o de elogios ap\u00f3s vit\u00f3ria espetacular no UFC: Esse cara \u00e9 um monstro!"},"content":{"rendered":"<figure id=\"attachment_7881\" aria-describedby=\"caption-attachment-7881\" style=\"width: 576px\" class=\"wp-caption aligncenter\"><a href=\"https:\/\/blogs.gazetaesportiva.com\/planeta-octogono\/files\/2013\/09\/1174914_585451238188904_1521376223_n.jpg\"><img loading=\"lazy\" decoding=\"async\" class=\" wp-image-7881 \" alt=\"Renan Bar\u00e3o vence com um chute rodado espetacular no UFC 165 - Divulga\u00e7\u00e3o UFC\/Ali Bello\" src=\"https:\/\/blogs.gazetaesportiva.com\/planeta-octogono\/files\/2013\/09\/1174914_585451238188904_1521376223_n.jpg\" width=\"576\" height=\"384\" \/><\/a><figcaption id=\"caption-attachment-7881\" class=\"wp-caption-text\">Renan Bar\u00e3o vence com um chute rodado espetacular no UFC 165 &#8211; Divulga\u00e7\u00e3o UFC\/Ali Bello<\/figcaption><\/figure>\n<p>&nbsp;<\/p>\n<p>Ap\u00f3s a grande vit\u00f3ria de Renan Bar\u00e3o no UFC 165 sobre o americano Eddie Wineland, que manteve o cintur\u00e3o interino do evento, o Presidente da organiza\u00e7\u00e3o Dana White n\u00e3o poupou palavras para elogiar o lutador brasileiro.<\/p>\n<p>Na coletiva de imprensa ap\u00f3s o evento, Dana fez uma pequena reflex\u00e3o com os jornalistas sobre a carreira do brasileiro e acredita que o reconhecimento de Bar\u00e3o pode agora estar se concretizando.<\/p>\n<p>&#8220;Renan Bar\u00e3o \u00e9 um monstro. Vamos pensar um pouco. Este cara aqui (Bar\u00e3o) est\u00e1 a oito anos invicto. Ele n\u00e3o est\u00e1 tendo muito cr\u00e9dito pelo cartel que ele tem. Ele somente vem destruindo.<\/p>\n<p>S\u00e3o 8 anos e 21 lutas invicto. Isto \u00e9 impressionante neste esporte.&#8221; disse Dana que n\u00e3o deu certeza se o combate contra o campe\u00e3o atual, o americano Dominick Cruz vai estar pronto para lutar contra Bar\u00e3o no in\u00edcio de 2014.<\/p>\n<p>&#8220;Acho que essa luta com o Cruz faz sentido, mas quem sabe. Vamos ver como Cruz vai estar para decidir. Ainda n\u00e3o sabemos se ele vai estar pronto.&#8221; disse o Presidente.<\/p>\n<p>Dominick Cruz n\u00e3o luta desde dezembro de 2011, com duas les\u00f5es graves seguidas no joelho, parecidas com a do jogador Ronaldo Fen\u00f4meno. \u00c9 esperado o retorno do lutador no come\u00e7o do ano que vem.<\/p>\n","protected":false},"excerpt":{"rendered":"<p>&nbsp; Ap\u00f3s a grande vit\u00f3ria de Renan Bar\u00e3o no UFC 165 sobre o americano Eddie Wineland, que manteve o cintur\u00e3o interino do evento, o Presidente <a class=\"read-more\" href=\"https:\/\/blogs.gazetaesportiva.com\/planeta-octogono\/2013\/09\/22\/presidente-do-ufc-enche-barao-de-elogios-apos-vitoria-espetacular-no-ufc-esse-cara-e-um-monstro\/\">leia mais<\/a><\/p>\n","protected":false},"author":33,"featured_media":7881,"comment_status":"open","ping_status":"open","sticky":false,"template":"","format":"standard","meta":{"jetpack_post_was_ever_published":false,"_jetpack_newsletter_access":"","_jetpack_dont_email_post_to_subs":false,"_jetpack_newsletter_tier_id":0,"_jetpack_memberships_contains_paywalled_content":false,"_jetpack_memberships_contains_paid_content":false,"footnotes":"","jetpack_publicize_message":"","jetpack_publicize_feature_enabled":true,"jetpack_social_post_already_shared":false,"jetpack_social_options":{"image_generator_settings":{"template":"highway","default_image_id":0,"font":"","enabled":false},"version":2}},"categories":[1],"tags":[111,15],"class_list":["post-7880","post","type-post","status-publish","format-standard","has-post-thumbnail","hentry","category-principal","tag-dana-white","tag-renan-barao"],"jetpack_publicize_connections":[],"jetpack_featured_media_url":"https:\/\/blogs.gazetaesportiva.com\/planeta-octogono\/files\/2013\/09\/1174914_585451238188904_1521376223_n.jpg","jetpack_sharing_enabled":true,"jetpack_shortlink":"https:\/\/wp.me\/p6rqUQ-236","_links":{"self":[{"href":"https:\/\/blogs.gazetaesportiva.com\/planeta-octogono\/wp-json\/wp\/v2\/posts\/7880","targetHints":{"allow":["GET"]}}],"collection":[{"href":"https:\/\/blogs.gazetaesportiva.com\/planeta-octogono\/wp-json\/wp\/v2\/posts"}],"about":[{"href":"https:\/\/blogs.gazetaesportiva.com\/planeta-octogono\/wp-json\/wp\/v2\/types\/post"}],"author":[{"embeddable":true,"href":"https:\/\/blogs.gazetaesportiva.com\/planeta-octogono\/wp-json\/wp\/v2\/users\/33"}],"replies":[{"embeddable":true,"href":"https:\/\/blogs.gazetaesportiva.com\/planeta-octogono\/wp-json\/wp\/v2\/comments?post=7880"}],"version-history":[{"count":0,"href":"https:\/\/blogs.gazetaesportiva.com\/planeta-octogono\/wp-json\/wp\/v2\/posts\/7880\/revisions"}],"wp:featuredmedia":[{"embeddable":true,"href":"https:\/\/blogs.gazetaesportiva.com\/planeta-octogono\/wp-json\/wp\/v2\/media\/7881"}],"wp:attachment":[{"href":"https:\/\/blogs.gazetaesportiva.com\/planeta-octogono\/wp-json\/wp\/v2\/media?parent=7880"}],"wp:term":[{"taxonomy":"category","embeddable":true,"href":"https:\/\/blogs.gazetaesportiva.com\/planeta-octogono\/wp-json\/wp\/v2\/categories?post=7880"},{"taxonomy":"post_tag","embeddable":true,"href":"https:\/\/blogs.gazetaesportiva.com\/planeta-octogono\/wp-json\/wp\/v2\/tags?post=7880"}],"curies":[{"name":"wp","href":"https:\/\/api.w.org\/{rel}","templated":true}]}}