{"id":7877,"date":"2013-09-22T17:25:09","date_gmt":"2013-09-22T20:25:09","guid":{"rendered":"https:\/\/blogs.gazetaesportiva.com\/planeta-octogono\/?p=7877"},"modified":"2013-09-22T17:25:09","modified_gmt":"2013-09-22T20:25:09","slug":"alexander-gustafsson-e-elogiado-por-craque-sueco-ibrahimovic-muito-orgulho-de-voce","status":"publish","type":"post","link":"https:\/\/blogs.gazetaesportiva.com\/planeta-octogono\/2013\/09\/22\/alexander-gustafsson-e-elogiado-por-craque-sueco-ibrahimovic-muito-orgulho-de-voce\/","title":{"rendered":"Alexander Gustafsson \u00e9 elogiado por craque sueco Ibrahimovic: Muito orgulho de voc\u00ea!"},"content":{"rendered":"<figure id=\"attachment_7878\" aria-describedby=\"caption-attachment-7878\" style=\"width: 605px\" class=\"wp-caption aligncenter\"><a href=\"https:\/\/blogs.gazetaesportiva.com\/planeta-octogono\/files\/2013\/09\/1238293_585451164855578_864054657_n.jpg\"><img loading=\"lazy\" decoding=\"async\" class=\" wp-image-7878  \" alt=\"Sueco ganha respeito de f\u00e3s e de \u00eddolo de seu pa\u00eds ap\u00f3s combate contra Jones - Divulga\u00e7\u00e3o UFC\/Ali Bello\" src=\"https:\/\/blogs.gazetaesportiva.com\/planeta-octogono\/files\/2013\/09\/1238293_585451164855578_864054657_n.jpg\" width=\"605\" height=\"403\" \/><\/a><figcaption id=\"caption-attachment-7878\" class=\"wp-caption-text\">Sueco ganha respeito de f\u00e3s e de \u00eddolo de seu pa\u00eds ap\u00f3s combate contra Jones &#8211; Divulga\u00e7\u00e3o UFC\/Ali Bello<\/figcaption><\/figure>\n<p>&nbsp;<\/p>\n<p>Ap\u00f3s o espetacular combate entre o campe\u00e3o do UFC, Jon Jones e o sueco Alexander Gustafsson (esquerda), o desafiante ganhou todo o respeito dos f\u00e3s. inclusive um em especial: O jogador Zlatan Ibrahimovic.<\/p>\n<p>Atrav\u00e9s das redes sociais, o jogador mais famoso de futebol da Su\u00e9cia elogiou a performance de Gustafsson.<\/p>\n<p>&#8220;Parab\u00e9ns, @AlexTheMauler. Para mim, voc\u00ea \u00e9 o vencedor. Estou muito orgulhoso de voc\u00ea. Continue lutando e seja como campe\u00e3o.&#8221; disse o jogador que acompanhou a luta.<\/p>\n<p>O futuro de Gustafsson ainda est\u00e1 indefinido pela organiza\u00e7\u00e3o. Existem chances de acontecer uma revanche imediata mas o Presidente do UFC, Dana White n\u00e3o confirmou que isto vai acontecer agora.<\/p>\n","protected":false},"excerpt":{"rendered":"<p>&nbsp; Ap\u00f3s o espetacular combate entre o campe\u00e3o do UFC, Jon Jones e o sueco Alexander Gustafsson (esquerda), o desafiante ganhou todo o respeito dos <a class=\"read-more\" href=\"https:\/\/blogs.gazetaesportiva.com\/planeta-octogono\/2013\/09\/22\/alexander-gustafsson-e-elogiado-por-craque-sueco-ibrahimovic-muito-orgulho-de-voce\/\">leia mais<\/a><\/p>\n","protected":false},"author":33,"featured_media":7878,"comment_status":"open","ping_status":"open","sticky":false,"template":"","format":"standard","meta":{"jetpack_post_was_ever_published":false,"_jetpack_newsletter_access":"","_jetpack_dont_email_post_to_subs":false,"_jetpack_newsletter_tier_id":0,"_jetpack_memberships_contains_paywalled_content":false,"_jetpack_memberships_contains_paid_content":false,"footnotes":"","jetpack_publicize_message":"","jetpack_publicize_feature_enabled":true,"jetpack_social_post_already_shared":false,"jetpack_social_options":{"image_generator_settings":{"template":"highway","default_image_id":0,"font":"","enabled":false},"version":2}},"categories":[1],"tags":[308,474],"class_list":["post-7877","post","type-post","status-publish","format-standard","has-post-thumbnail","hentry","category-principal","tag-alexander-gustafsson","tag-zlatan-ibrahimovic"],"jetpack_publicize_connections":[],"jetpack_featured_media_url":"https:\/\/blogs.gazetaesportiva.com\/planeta-octogono\/files\/2013\/09\/1238293_585451164855578_864054657_n.jpg","jetpack_sharing_enabled":true,"jetpack_shortlink":"https:\/\/wp.me\/p6rqUQ-233","_links":{"self":[{"href":"https:\/\/blogs.gazetaesportiva.com\/planeta-octogono\/wp-json\/wp\/v2\/posts\/7877","targetHints":{"allow":["GET"]}}],"collection":[{"href":"https:\/\/blogs.gazetaesportiva.com\/planeta-octogono\/wp-json\/wp\/v2\/posts"}],"about":[{"href":"https:\/\/blogs.gazetaesportiva.com\/planeta-octogono\/wp-json\/wp\/v2\/types\/post"}],"author":[{"embeddable":true,"href":"https:\/\/blogs.gazetaesportiva.com\/planeta-octogono\/wp-json\/wp\/v2\/users\/33"}],"replies":[{"embeddable":true,"href":"https:\/\/blogs.gazetaesportiva.com\/planeta-octogono\/wp-json\/wp\/v2\/comments?post=7877"}],"version-history":[{"count":0,"href":"https:\/\/blogs.gazetaesportiva.com\/planeta-octogono\/wp-json\/wp\/v2\/posts\/7877\/revisions"}],"wp:featuredmedia":[{"embeddable":true,"href":"https:\/\/blogs.gazetaesportiva.com\/planeta-octogono\/wp-json\/wp\/v2\/media\/7878"}],"wp:attachment":[{"href":"https:\/\/blogs.gazetaesportiva.com\/planeta-octogono\/wp-json\/wp\/v2\/media?parent=7877"}],"wp:term":[{"taxonomy":"category","embeddable":true,"href":"https:\/\/blogs.gazetaesportiva.com\/planeta-octogono\/wp-json\/wp\/v2\/categories?post=7877"},{"taxonomy":"post_tag","embeddable":true,"href":"https:\/\/blogs.gazetaesportiva.com\/planeta-octogono\/wp-json\/wp\/v2\/tags?post=7877"}],"curies":[{"name":"wp","href":"https:\/\/api.w.org\/{rel}","templated":true}]}}