{"id":7805,"date":"2013-09-18T04:14:56","date_gmt":"2013-09-18T07:14:56","guid":{"rendered":"https:\/\/blogs.gazetaesportiva.com\/planeta-octogono\/?p=7805"},"modified":"2013-09-18T04:14:56","modified_gmt":"2013-09-18T07:14:56","slug":"jon-jones-ignora-combate-com-cormier-e-analisa-glover-teixeira-nao-acho-que-e-o-cara-que-vai-me-vencer","status":"publish","type":"post","link":"https:\/\/blogs.gazetaesportiva.com\/planeta-octogono\/2013\/09\/18\/jon-jones-ignora-combate-com-cormier-e-analisa-glover-teixeira-nao-acho-que-e-o-cara-que-vai-me-vencer\/","title":{"rendered":"Jon Jones ignora combate com Cormier e analisa Glover Teixeira: N\u00e3o acho que \u00e9 o cara que vai me vencer!"},"content":{"rendered":"<figure id=\"attachment_3039\" aria-describedby=\"caption-attachment-3039\" style=\"width: 639px\" class=\"wp-caption aligncenter\"><a href=\"https:\/\/blogs.gazetaesportiva.com\/planeta-octogono\/files\/2013\/01\/jonjones.jpg\"><img loading=\"lazy\" decoding=\"async\" class=\"size-full wp-image-3039\" alt=\"Campe\u00e3o do UFC acredita que Glover precisa melhorar - Reprodu\u00e7\u00e3o Youtube\" src=\"https:\/\/blogs.gazetaesportiva.com\/planeta-octogono\/files\/2013\/01\/jonjones.jpg\" width=\"639\" height=\"357\" \/><\/a><figcaption id=\"caption-attachment-3039\" class=\"wp-caption-text\">Campe\u00e3o do UFC acredita que Glover precisa melhorar &#8211; Reprodu\u00e7\u00e3o Youtube<\/figcaption><\/figure>\n<p>&nbsp;<\/p>\n<p>Apesar de Glover Teixeira ter ganho a chance de ser o novo desafiante ao cintur\u00e3o do peso meio pesado do UFC. o campe\u00e3o da categoria, o americano Jon Jones ainda n\u00e3o enxerga grandes perigos no brasileiro.<\/p>\n<p>Analisando a performance de Glover no \u00faltimo UFC no Combate 3, realizado na cidade de Belo Horizonte, Jones acredita que Glover tem buracos em seu jogo.<\/p>\n<figure id=\"attachment_7582\" aria-describedby=\"caption-attachment-7582\" style=\"width: 448px\" class=\"wp-caption alignleft\"><a href=\"https:\/\/blogs.gazetaesportiva.com\/planeta-octogono\/files\/2013\/09\/IMG_4020.jpg\"><img loading=\"lazy\" decoding=\"async\" class=\" wp-image-7582    \" alt=\"Vit\u00f3ria de Glover sobre Bader n\u00e3o intimida Jon Jones  - Ana Carolina\/Gazeta Press\" src=\"https:\/\/blogs.gazetaesportiva.com\/planeta-octogono\/files\/2013\/09\/IMG_4020.jpg\" width=\"448\" height=\"298\" \/><\/a><figcaption id=\"caption-attachment-7582\" class=\"wp-caption-text\">Vit\u00f3ria de Glover sobre Bader n\u00e3o intimida Jon Jones &#8211; Ana Carolina\/Gazeta Press<\/figcaption><\/figure>\n<p>&#8220;Achei que ele (Glover) deu sinais de ser um lutador de alto n\u00edvel. N\u00e3o acho que ele est\u00e1 pronto para me vencer. Levar socos fortes de Bader me mostrou onde ele est\u00e1.<\/p>\n<p>N\u00e3o importa qual \u00e9 a sua desculpa, isso aconteceu. Se voc\u00ea \u00e9 um veterano e diz ter permitido que a confian\u00e7a exagerada seja sua fraqueza, ainda assim \u00e9 uma fraqueza voc\u00ea ter permitido isso.<\/p>\n<p>Se voc\u00ea tem um \u00f3timo oponente e um bom entendimento, ent\u00e3o voc\u00ea n\u00e3o vai apressar as coisas contra um cara como o Ryan Bader, que obviamente vai te socar bastente e com for\u00e7a. N\u00e3o acho que ele \u00e9 o cara que vai me vencer.&#8221; disse o campe\u00e3o ao site americano MMA Fighting.<\/p>\n<p>Jones aproveitou a oportunidade para alfinetar outro lutador, o campe\u00e3o peso pesado do extinto evento Strikeforce, Daniel Cormier.<\/p>\n<p>&#8220;Para ser honesto, n\u00e3o acho que Daniel Cormier realmente mere\u00e7a uma grande luta. N\u00e3o o respeito como pessoa. Acho que lutar contra mim seria a oportunidade da vida dele.<\/p>\n<p>N\u00e3o acho que eu tenho muito a ganhar se derrotar Cormier, porque ningu\u00e9m sabe quem ele \u00e9, e ele realmente n\u00e3o provou muito ainda.&#8221; disse o lutador.<\/p>\n<p>Jones enfrenta o sueco Alexander Gustafsson nesta pr\u00f3xima edi\u00e7\u00e3o do UFC 165 em Toronto neste pr\u00f3ximo fim de semana.<\/p>\n","protected":false},"excerpt":{"rendered":"<p>&nbsp; Apesar de Glover Teixeira ter ganho a chance de ser o novo desafiante ao cintur\u00e3o do peso meio pesado do UFC. o campe\u00e3o da <a class=\"read-more\" href=\"https:\/\/blogs.gazetaesportiva.com\/planeta-octogono\/2013\/09\/18\/jon-jones-ignora-combate-com-cormier-e-analisa-glover-teixeira-nao-acho-que-e-o-cara-que-vai-me-vencer\/\">leia mais<\/a><\/p>\n","protected":false},"author":33,"featured_media":0,"comment_status":"open","ping_status":"open","sticky":false,"template":"","format":"standard","meta":{"jetpack_post_was_ever_published":false,"_jetpack_newsletter_access":"","_jetpack_dont_email_post_to_subs":false,"_jetpack_newsletter_tier_id":0,"_jetpack_memberships_contains_paywalled_content":false,"_jetpack_memberships_contains_paid_content":false,"footnotes":"","jetpack_publicize_message":"","jetpack_publicize_feature_enabled":true,"jetpack_social_post_already_shared":false,"jetpack_social_options":{"image_generator_settings":{"template":"highway","default_image_id":0,"font":"","enabled":false},"version":2}},"categories":[1],"tags":[333,163,85],"class_list":["post-7805","post","type-post","status-publish","format-standard","hentry","category-principal","tag-daniel-cormier","tag-glover-teixeira","tag-jon-jones"],"jetpack_publicize_connections":[],"jetpack_featured_media_url":"","jetpack_sharing_enabled":true,"jetpack_shortlink":"https:\/\/wp.me\/p6rqUQ-21T","_links":{"self":[{"href":"https:\/\/blogs.gazetaesportiva.com\/planeta-octogono\/wp-json\/wp\/v2\/posts\/7805","targetHints":{"allow":["GET"]}}],"collection":[{"href":"https:\/\/blogs.gazetaesportiva.com\/planeta-octogono\/wp-json\/wp\/v2\/posts"}],"about":[{"href":"https:\/\/blogs.gazetaesportiva.com\/planeta-octogono\/wp-json\/wp\/v2\/types\/post"}],"author":[{"embeddable":true,"href":"https:\/\/blogs.gazetaesportiva.com\/planeta-octogono\/wp-json\/wp\/v2\/users\/33"}],"replies":[{"embeddable":true,"href":"https:\/\/blogs.gazetaesportiva.com\/planeta-octogono\/wp-json\/wp\/v2\/comments?post=7805"}],"version-history":[{"count":0,"href":"https:\/\/blogs.gazetaesportiva.com\/planeta-octogono\/wp-json\/wp\/v2\/posts\/7805\/revisions"}],"wp:attachment":[{"href":"https:\/\/blogs.gazetaesportiva.com\/planeta-octogono\/wp-json\/wp\/v2\/media?parent=7805"}],"wp:term":[{"taxonomy":"category","embeddable":true,"href":"https:\/\/blogs.gazetaesportiva.com\/planeta-octogono\/wp-json\/wp\/v2\/categories?post=7805"},{"taxonomy":"post_tag","embeddable":true,"href":"https:\/\/blogs.gazetaesportiva.com\/planeta-octogono\/wp-json\/wp\/v2\/tags?post=7805"}],"curies":[{"name":"wp","href":"https:\/\/api.w.org\/{rel}","templated":true}]}}