{"id":7802,"date":"2013-09-18T04:06:34","date_gmt":"2013-09-18T07:06:34","guid":{"rendered":"https:\/\/blogs.gazetaesportiva.com\/planeta-octogono\/?p=7802"},"modified":"2013-09-18T04:06:34","modified_gmt":"2013-09-18T07:06:34","slug":"amigos-chael-sonnen-e-dan-henderson-se-unem-para-confrontos-contra-belfort-e-rashad-evans-no-ufc","status":"publish","type":"post","link":"https:\/\/blogs.gazetaesportiva.com\/planeta-octogono\/2013\/09\/18\/amigos-chael-sonnen-e-dan-henderson-se-unem-para-confrontos-contra-belfort-e-rashad-evans-no-ufc\/","title":{"rendered":"Amigos, Chael Sonnen e Dan Henderson se unem para confrontos contra Belfort e Rashad Evans no UFC"},"content":{"rendered":"<figure id=\"attachment_7803\" aria-describedby=\"caption-attachment-7803\" style=\"width: 612px\" class=\"wp-caption aligncenter\"><a href=\"https:\/\/blogs.gazetaesportiva.com\/planeta-octogono\/files\/2013\/09\/sonnenhendo.jpg\"><img loading=\"lazy\" decoding=\"async\" class=\"size-full wp-image-7803\" alt=\"Chael Sonnen e Dan Henderson voltam a treinar juntos - Reprodu\u00e7\u00e3o Facebook\" src=\"https:\/\/blogs.gazetaesportiva.com\/planeta-octogono\/files\/2013\/09\/sonnenhendo.jpg\" width=\"612\" height=\"612\" \/><\/a><figcaption id=\"caption-attachment-7803\" class=\"wp-caption-text\">Chael Sonnen e Dan Henderson voltam a treinar juntos &#8211; Reprodu\u00e7\u00e3o Facebook<\/figcaption><\/figure>\n<p>&nbsp;<\/p>\n<p>Depois de muito tempo sem treinar juntos, os americanos Chael Sonnen e Dan Henderson uniram for\u00e7as para seus pr\u00f3ximos compromissos no UFC.<\/p>\n<p>Em foto postada pelo treinador brasileiro de Jiu Jitsu nas redes socias, Ricardo &#8220;Pancho&#8221; Feliciano, o treinador registrou o encontro dos lutadores na academia de Henderson, na Calif\u00f3rnia.<\/p>\n<p>Sonnen que enfrenta Rashad Evans no UFC 167, vai ajudar Henderson que enfrenta Vitor Belfort em Goi\u00e2nia no dia 9 de novembro.<\/p>\n<p>N\u00e3o \u00e9 a primeira vez que os lutadores treinam juntos. Sonnen e Henderson foram durante muito tempo, membros do Team Quest, academia liderada pelo ex lutador do UFC, Matt Lindland.<\/p>\n<p>Como Sonnen agora \u00e9 apresentador de um programa na rede de televis\u00e3o americana, o lutador est\u00e1 morando na Calif\u00f3rnia e aproveitou a oportunidade para conhecer a nova academia de Henderson, que \u00e9 localizada no mesmo estado.<\/p>\n","protected":false},"excerpt":{"rendered":"<p>&nbsp; Depois de muito tempo sem treinar juntos, os americanos Chael Sonnen e Dan Henderson uniram for\u00e7as para seus pr\u00f3ximos compromissos no UFC. Em foto <a class=\"read-more\" href=\"https:\/\/blogs.gazetaesportiva.com\/planeta-octogono\/2013\/09\/18\/amigos-chael-sonnen-e-dan-henderson-se-unem-para-confrontos-contra-belfort-e-rashad-evans-no-ufc\/\">leia mais<\/a><\/p>\n","protected":false},"author":33,"featured_media":7803,"comment_status":"open","ping_status":"open","sticky":false,"template":"","format":"standard","meta":{"jetpack_post_was_ever_published":false,"_jetpack_newsletter_access":"","_jetpack_dont_email_post_to_subs":false,"_jetpack_newsletter_tier_id":0,"_jetpack_memberships_contains_paywalled_content":false,"_jetpack_memberships_contains_paid_content":false,"footnotes":"","jetpack_publicize_message":"","jetpack_publicize_feature_enabled":true,"jetpack_social_post_already_shared":false,"jetpack_social_options":{"image_generator_settings":{"template":"highway","default_image_id":0,"font":"","enabled":false},"version":2}},"categories":[1],"tags":[252,384,468],"class_list":["post-7802","post","type-post","status-publish","format-standard","has-post-thumbnail","hentry","category-principal","tag-chael-sonnen","tag-dan-henderson","tag-ricardo-pancho-feliciano"],"jetpack_publicize_connections":[],"jetpack_featured_media_url":"https:\/\/blogs.gazetaesportiva.com\/planeta-octogono\/files\/2013\/09\/sonnenhendo.jpg","jetpack_sharing_enabled":true,"jetpack_shortlink":"https:\/\/wp.me\/p6rqUQ-21Q","_links":{"self":[{"href":"https:\/\/blogs.gazetaesportiva.com\/planeta-octogono\/wp-json\/wp\/v2\/posts\/7802","targetHints":{"allow":["GET"]}}],"collection":[{"href":"https:\/\/blogs.gazetaesportiva.com\/planeta-octogono\/wp-json\/wp\/v2\/posts"}],"about":[{"href":"https:\/\/blogs.gazetaesportiva.com\/planeta-octogono\/wp-json\/wp\/v2\/types\/post"}],"author":[{"embeddable":true,"href":"https:\/\/blogs.gazetaesportiva.com\/planeta-octogono\/wp-json\/wp\/v2\/users\/33"}],"replies":[{"embeddable":true,"href":"https:\/\/blogs.gazetaesportiva.com\/planeta-octogono\/wp-json\/wp\/v2\/comments?post=7802"}],"version-history":[{"count":0,"href":"https:\/\/blogs.gazetaesportiva.com\/planeta-octogono\/wp-json\/wp\/v2\/posts\/7802\/revisions"}],"wp:featuredmedia":[{"embeddable":true,"href":"https:\/\/blogs.gazetaesportiva.com\/planeta-octogono\/wp-json\/wp\/v2\/media\/7803"}],"wp:attachment":[{"href":"https:\/\/blogs.gazetaesportiva.com\/planeta-octogono\/wp-json\/wp\/v2\/media?parent=7802"}],"wp:term":[{"taxonomy":"category","embeddable":true,"href":"https:\/\/blogs.gazetaesportiva.com\/planeta-octogono\/wp-json\/wp\/v2\/categories?post=7802"},{"taxonomy":"post_tag","embeddable":true,"href":"https:\/\/blogs.gazetaesportiva.com\/planeta-octogono\/wp-json\/wp\/v2\/tags?post=7802"}],"curies":[{"name":"wp","href":"https:\/\/api.w.org\/{rel}","templated":true}]}}