{"id":7799,"date":"2013-09-18T03:58:34","date_gmt":"2013-09-18T06:58:34","guid":{"rendered":"https:\/\/blogs.gazetaesportiva.com\/planeta-octogono\/?p=7799"},"modified":"2013-09-18T03:58:34","modified_gmt":"2013-09-18T06:58:34","slug":"charles-do-bronx-nao-se-intimida-com-troca-de-adversario-no-ufc-166","status":"publish","type":"post","link":"https:\/\/blogs.gazetaesportiva.com\/planeta-octogono\/2013\/09\/18\/charles-do-bronx-nao-se-intimida-com-troca-de-adversario-no-ufc-166\/","title":{"rendered":"Charles do Bronx n\u00e3o se intimida com troca de advers\u00e1rio no UFC 166"},"content":{"rendered":"<p>&nbsp;<\/p>\n<figure id=\"attachment_7800\" aria-describedby=\"caption-attachment-7800\" style=\"width: 633px\" class=\"wp-caption aligncenter\"><a href=\"https:\/\/blogs.gazetaesportiva.com\/planeta-octogono\/files\/2013\/09\/charlesbronx.png\"><img loading=\"lazy\" decoding=\"async\" class=\"size-full wp-image-7800\" alt=\"Brasileiro (direita) n\u00e3o se intimida com troca de advers\u00e1rio - Divulga\u00e7\u00e3o UFC\/Josh Hedges\" src=\"https:\/\/blogs.gazetaesportiva.com\/planeta-octogono\/files\/2013\/09\/charlesbronx.png\" width=\"633\" height=\"463\" \/><\/a><figcaption id=\"caption-attachment-7800\" class=\"wp-caption-text\">Brasileiro (direita) n\u00e3o se intimida com troca de advers\u00e1rio &#8211; Divulga\u00e7\u00e3o UFC\/Josh Hedges<\/figcaption><\/figure>\n<p>Em sua \u00faltima luta pelo UFC, no dia 6 de julho, Charles do Bronx deu muito trabalho ao ex-campe\u00e3o Frankie Edgar, mas n\u00e3o conseguiu a vit\u00f3ria. O b\u00f4nus de melhor luta da noite foi muito celebrado, mas agora o objetivo \u00e9 bem claro: vencer e convencer, para voltar a almejar o topo da categoria peso-pena. No dia 19 de outubro, no UFC 166, em Houston (EUA), ele espera reencontrar o caminho das vit\u00f3rias contra Jeremy Larsen.<\/p>\n<p>O advers\u00e1rio original do atleta era Estevan Payan, mas uma les\u00e3o obrigou o UFC a escalar Larsen em seu lugar. Charles, no entanto, n\u00e3o est\u00e1 preocupado com essa mudan\u00e7a, mesmo a menos de um m\u00eas para o combate.<\/p>\n<p>&#8220;Eu estava me preparando para lutar contra o Estevan e tamb\u00e9m estou pronto para enfrentar o Jeremy. A minha preocupa\u00e7\u00e3o n\u00e3o \u00e9 com advers\u00e1rio, mas sim comigo, em estar bem treinado e em condi\u00e7\u00f5es de conquistar a vit\u00f3ria, independentemente de quem seja o advers\u00e1rio. Esse \u00e9 o meu foco. Quero fazer uma luta parecida com a do Frankie, pra frente e bem disputada, mas dessa vez eu quero sair com a vit\u00f3ria&#8221;, ressalta.<\/p>\n<p>Sempre disposto a lutar e \u00e0 disposi\u00e7\u00e3o do UFC, Charles do Bronx vai para o seu segundo confronto no ano. Dessa vez, apenas tr\u00eas meses separam um confronto e outro, algo bem diferente do que aconteceu antes da luta contra Frankie Edgar.<\/p>\n<p>&#8220;Foram quase oito meses parado depois da derrota para o Cub Swanson, por causa da les\u00e3o que sofri no joelho. Depois da luta contra o Edgar, fiquei com tanta raiva que j\u00e1 voltei a treinar cinco dias depois. Acabou que foi bom, porque assim eu consegui pegar ritmo e manter o g\u00e1s, e isso \u00e9 bom&#8221;, analisa.<\/p>\n<p>Essa ser\u00e1 a terceira luta de Charles do Bronx fora do Brasil. Dessa vez, ele conhece bem o territ\u00f3rio, j\u00e1 que Jorge Patino &#8220;Macaco&#8221;, um dos grandes nomes do MMA mundial, \u00e9 seu treinador, e tem academia em Houston, a poucos minutos do gin\u00e1sio. Na mesma noite, Junior Cigano enfrenta Cain Vel\u00e1squez pelo cintur\u00e3o dos pesos pesados, e a oportunidade integrar esse card s\u00f3 faz com que sua gana de vencer aumente ainda mais.<\/p>\n<p>&#8220;\u00c9 a minha segunda casa, porque \u00e9 colada na academia do Macaco, onde provavelmente vou finalizar meu camp. Eu quero estar perto das pessoas que me ajudam a treinar. \u00c9 uma honra integrar o card que tem como luta principal o Cigano vs. Vel\u00e1squez. Eu admiro os dois demais e tor\u00e7o por uma vit\u00f3ria do Cigano e para que ele traga o cintur\u00e3o para o Brasil. Isso tudo s\u00f3 me d\u00e1 ainda mais g\u00e1s para treinar mais e sair com a vit\u00f3ria&#8221;, finaliza Charles.<\/p>\n","protected":false},"excerpt":{"rendered":"<p>&nbsp; Em sua \u00faltima luta pelo UFC, no dia 6 de julho, Charles do Bronx deu muito trabalho ao ex-campe\u00e3o Frankie Edgar, mas n\u00e3o conseguiu <a class=\"read-more\" href=\"https:\/\/blogs.gazetaesportiva.com\/planeta-octogono\/2013\/09\/18\/charles-do-bronx-nao-se-intimida-com-troca-de-adversario-no-ufc-166\/\">leia mais<\/a><\/p>\n","protected":false},"author":33,"featured_media":7800,"comment_status":"open","ping_status":"open","sticky":false,"template":"","format":"standard","meta":{"jetpack_post_was_ever_published":false,"_jetpack_newsletter_access":"","_jetpack_dont_email_post_to_subs":false,"_jetpack_newsletter_tier_id":0,"_jetpack_memberships_contains_paywalled_content":false,"_jetpack_memberships_contains_paid_content":false,"footnotes":"","jetpack_publicize_message":"","jetpack_publicize_feature_enabled":true,"jetpack_social_post_already_shared":false,"jetpack_social_options":{"image_generator_settings":{"template":"highway","default_image_id":0,"font":"","enabled":false},"version":2}},"categories":[1],"tags":[82,467],"class_list":["post-7799","post","type-post","status-publish","format-standard","has-post-thumbnail","hentry","category-principal","tag-charles-do-bronx","tag-ufc-166"],"jetpack_publicize_connections":[],"jetpack_featured_media_url":"https:\/\/blogs.gazetaesportiva.com\/planeta-octogono\/files\/2013\/09\/charlesbronx.png","jetpack_sharing_enabled":true,"jetpack_shortlink":"https:\/\/wp.me\/p6rqUQ-21N","_links":{"self":[{"href":"https:\/\/blogs.gazetaesportiva.com\/planeta-octogono\/wp-json\/wp\/v2\/posts\/7799","targetHints":{"allow":["GET"]}}],"collection":[{"href":"https:\/\/blogs.gazetaesportiva.com\/planeta-octogono\/wp-json\/wp\/v2\/posts"}],"about":[{"href":"https:\/\/blogs.gazetaesportiva.com\/planeta-octogono\/wp-json\/wp\/v2\/types\/post"}],"author":[{"embeddable":true,"href":"https:\/\/blogs.gazetaesportiva.com\/planeta-octogono\/wp-json\/wp\/v2\/users\/33"}],"replies":[{"embeddable":true,"href":"https:\/\/blogs.gazetaesportiva.com\/planeta-octogono\/wp-json\/wp\/v2\/comments?post=7799"}],"version-history":[{"count":0,"href":"https:\/\/blogs.gazetaesportiva.com\/planeta-octogono\/wp-json\/wp\/v2\/posts\/7799\/revisions"}],"wp:featuredmedia":[{"embeddable":true,"href":"https:\/\/blogs.gazetaesportiva.com\/planeta-octogono\/wp-json\/wp\/v2\/media\/7800"}],"wp:attachment":[{"href":"https:\/\/blogs.gazetaesportiva.com\/planeta-octogono\/wp-json\/wp\/v2\/media?parent=7799"}],"wp:term":[{"taxonomy":"category","embeddable":true,"href":"https:\/\/blogs.gazetaesportiva.com\/planeta-octogono\/wp-json\/wp\/v2\/categories?post=7799"},{"taxonomy":"post_tag","embeddable":true,"href":"https:\/\/blogs.gazetaesportiva.com\/planeta-octogono\/wp-json\/wp\/v2\/tags?post=7799"}],"curies":[{"name":"wp","href":"https:\/\/api.w.org\/{rel}","templated":true}]}}