{"id":7794,"date":"2013-09-17T04:32:37","date_gmt":"2013-09-17T07:32:37","guid":{"rendered":"https:\/\/blogs.gazetaesportiva.com\/planeta-octogono\/?p=7794"},"modified":"2013-09-17T04:32:37","modified_gmt":"2013-09-17T07:32:37","slug":"tj-grant-anuncia-que-esta-fora-do-ufc-on-fox-9-e-anthony-pettis-enfrenta-josh-thomson-em-dezembro","status":"publish","type":"post","link":"https:\/\/blogs.gazetaesportiva.com\/planeta-octogono\/2013\/09\/17\/tj-grant-anuncia-que-esta-fora-do-ufc-on-fox-9-e-anthony-pettis-enfrenta-josh-thomson-em-dezembro\/","title":{"rendered":"TJ Grant anuncia que est\u00e1 fora do UFC on FOX 9 e Anthony Pettis enfrenta Josh Thomson em dezembro"},"content":{"rendered":"<figure id=\"attachment_7524\" aria-describedby=\"caption-attachment-7524\" style=\"width: 594px\" class=\"wp-caption aligncenter\"><a href=\"https:\/\/blogs.gazetaesportiva.com\/planeta-octogono\/files\/2013\/09\/1176391_10151839879301276_2121830566_n-1.jpg\"><img loading=\"lazy\" decoding=\"async\" class=\"size-full wp-image-7524\" alt=\"Anthony Pettis (direita) tem novo advers\u00e1rio  - Divulga\u00e7\u00e3o UFC\/Josh Hedges\" src=\"https:\/\/blogs.gazetaesportiva.com\/planeta-octogono\/files\/2013\/09\/1176391_10151839879301276_2121830566_n-1.jpg\" width=\"594\" height=\"396\" \/><\/a><figcaption id=\"caption-attachment-7524\" class=\"wp-caption-text\">Anthony Pettis (direita) tem novo advers\u00e1rio &#8211; Divulga\u00e7\u00e3o UFC\/Josh Hedges<\/figcaption><\/figure>\n<p>&nbsp;<\/p>\n<figure id=\"attachment_7795\" aria-describedby=\"caption-attachment-7795\" style=\"width: 400px\" class=\"wp-caption alignleft\"><a href=\"https:\/\/blogs.gazetaesportiva.com\/planeta-octogono\/files\/2013\/09\/JoshThomson_Headshot.png\"><img loading=\"lazy\" decoding=\"async\" class=\" wp-image-7795 \" alt=\"Ex campe\u00e3o do Strikeforce, Josh Thomson ganha oportunidade de lutar pelo cintur\u00e3o do UFC - Divulga\u00e7\u00e3o UFC\" src=\"https:\/\/blogs.gazetaesportiva.com\/planeta-octogono\/files\/2013\/09\/JoshThomson_Headshot.png\" width=\"400\" height=\"260\" \/><\/a><figcaption id=\"caption-attachment-7795\" class=\"wp-caption-text\">Ex campe\u00e3o do Strikeforce, Josh Thomson ganha oportunidade de lutar pelo cintur\u00e3o do UFC &#8211; Divulga\u00e7\u00e3o UFC<\/figcaption><\/figure>\n<p>Uma mudan\u00e7a importante aconteceu nesta noite no card do UFC on FOX 9 que acontece na cidade de Sacramento no dia 14 de dezembro.<\/p>\n<p>Ainda machucado, o lutador TJ Grant que teve o combate contra Anthony Pettis marcado para a edi\u00e7\u00e3o anunciou que n\u00e3o vai estar 100% pronto para a luta.<\/p>\n<p>&#8220;Hey pessoas. Atualiza\u00e7\u00e3o r\u00e1pida. Infelizmente n\u00e3o vou estar lutando contra Pettis em 14 de dezembro. N\u00e3o estou ainda 100% \u00a0e n\u00e3o posso me comprometer a lutar.<\/p>\n<p>UFC est\u00e1 indo com outra pessoa em meu lugar. \u00c9 chato, mas \u00e9 o melhor para ambos, para mim e o UFC. Por favor n\u00e3o se preocupem.&#8221;\u00a0 Lamentou Grant atrav\u00e9s das redes sociais.<\/p>\n<p>O UFC agiu r\u00e1pido e o oponente de Pettis para o evento ser\u00e1 o ex campe\u00e3o do Strikeforce, Josh Thomson.<\/p>\n<p>Com 20 vit\u00f3rias e apenas 5 derrotas, al\u00e9m de uma grande estr\u00e9ia vencendo Nate Diaz em abril, Thomson volta a lutar no evento j\u00e1 que outro contender Gilbert Melendez, o favorito para a vaga vai enfrentar Diego Sanchez, no UFC 166 em outubro.<\/p>\n<p style=\"text-align: center\">\n<p style=\"text-align: center\"><strong>Conhe\u00e7a Josh Thomson:<\/strong><\/p>\n<p style=\"text-align: center\"><strong>[yframe url=&#8217;http:\/\/www.youtube.com\/watch?v=MeJ2M9IlsMc&#8217;]<\/strong><\/p>\n","protected":false},"excerpt":{"rendered":"<p>&nbsp; Uma mudan\u00e7a importante aconteceu nesta noite no card do UFC on FOX 9 que acontece na cidade de Sacramento no dia 14 de dezembro. <a class=\"read-more\" href=\"https:\/\/blogs.gazetaesportiva.com\/planeta-octogono\/2013\/09\/17\/tj-grant-anuncia-que-esta-fora-do-ufc-on-fox-9-e-anthony-pettis-enfrenta-josh-thomson-em-dezembro\/\">leia mais<\/a><\/p>\n","protected":false},"author":33,"featured_media":7795,"comment_status":"open","ping_status":"open","sticky":false,"template":"","format":"standard","meta":{"jetpack_post_was_ever_published":false,"_jetpack_newsletter_access":"","_jetpack_dont_email_post_to_subs":false,"_jetpack_newsletter_tier_id":0,"_jetpack_memberships_contains_paywalled_content":false,"_jetpack_memberships_contains_paid_content":false,"footnotes":"","jetpack_publicize_message":"","jetpack_publicize_feature_enabled":true,"jetpack_social_post_already_shared":false,"jetpack_social_options":{"image_generator_settings":{"template":"highway","default_image_id":0,"font":"","enabled":false},"version":2}},"categories":[1],"tags":[368,465,466],"class_list":["post-7794","post","type-post","status-publish","format-standard","has-post-thumbnail","hentry","category-principal","tag-anthony-pettis","tag-josh-thomson","tag-ufc-on-fox-9"],"jetpack_publicize_connections":[],"jetpack_featured_media_url":"https:\/\/blogs.gazetaesportiva.com\/planeta-octogono\/files\/2013\/09\/JoshThomson_Headshot.png","jetpack_sharing_enabled":true,"jetpack_shortlink":"https:\/\/wp.me\/p6rqUQ-21I","_links":{"self":[{"href":"https:\/\/blogs.gazetaesportiva.com\/planeta-octogono\/wp-json\/wp\/v2\/posts\/7794","targetHints":{"allow":["GET"]}}],"collection":[{"href":"https:\/\/blogs.gazetaesportiva.com\/planeta-octogono\/wp-json\/wp\/v2\/posts"}],"about":[{"href":"https:\/\/blogs.gazetaesportiva.com\/planeta-octogono\/wp-json\/wp\/v2\/types\/post"}],"author":[{"embeddable":true,"href":"https:\/\/blogs.gazetaesportiva.com\/planeta-octogono\/wp-json\/wp\/v2\/users\/33"}],"replies":[{"embeddable":true,"href":"https:\/\/blogs.gazetaesportiva.com\/planeta-octogono\/wp-json\/wp\/v2\/comments?post=7794"}],"version-history":[{"count":0,"href":"https:\/\/blogs.gazetaesportiva.com\/planeta-octogono\/wp-json\/wp\/v2\/posts\/7794\/revisions"}],"wp:featuredmedia":[{"embeddable":true,"href":"https:\/\/blogs.gazetaesportiva.com\/planeta-octogono\/wp-json\/wp\/v2\/media\/7795"}],"wp:attachment":[{"href":"https:\/\/blogs.gazetaesportiva.com\/planeta-octogono\/wp-json\/wp\/v2\/media?parent=7794"}],"wp:term":[{"taxonomy":"category","embeddable":true,"href":"https:\/\/blogs.gazetaesportiva.com\/planeta-octogono\/wp-json\/wp\/v2\/categories?post=7794"},{"taxonomy":"post_tag","embeddable":true,"href":"https:\/\/blogs.gazetaesportiva.com\/planeta-octogono\/wp-json\/wp\/v2\/tags?post=7794"}],"curies":[{"name":"wp","href":"https:\/\/api.w.org\/{rel}","templated":true}]}}