{"id":7165,"date":"2013-08-08T10:37:01","date_gmt":"2013-08-08T13:37:01","guid":{"rendered":"https:\/\/blogs.gazetaesportiva.com\/planeta-octogono\/?p=7165"},"modified":"2013-08-08T10:37:01","modified_gmt":"2013-08-08T13:37:01","slug":"lesionado-alexander-emelianenko-esta-fora-do-pro-fc-50-que-acontece-neste-mes-na-russia","status":"publish","type":"post","link":"https:\/\/blogs.gazetaesportiva.com\/planeta-octogono\/2013\/08\/08\/lesionado-alexander-emelianenko-esta-fora-do-pro-fc-50-que-acontece-neste-mes-na-russia\/","title":{"rendered":"Lesionado, Alexander Emelianenko est\u00e1 fora do PRO FC 50 que acontece neste m\u00eas na R\u00fassia"},"content":{"rendered":"<figure id=\"attachment_5459\" aria-describedby=\"caption-attachment-5459\" style=\"width: 407px\" class=\"wp-caption aligncenter\"><a href=\"https:\/\/blogs.gazetaesportiva.com\/planeta-octogono\/files\/2013\/05\/alexander-emelianenkolegend.jpg\"><img loading=\"lazy\" decoding=\"async\" class=\" wp-image-5459 \" alt=\"Irm\u00e3o de lenda do MMA, se machuca e est\u00e1 fora de evento - Divulga\u00e7\u00e3o LEGEND\" src=\"https:\/\/blogs.gazetaesportiva.com\/planeta-octogono\/files\/2013\/05\/alexander-emelianenkolegend.jpg\" width=\"407\" height=\"576\" \/><\/a><figcaption id=\"caption-attachment-5459\" class=\"wp-caption-text\">Irm\u00e3o de lenda do MMA, se machuca e est\u00e1 fora de evento &#8211; Divulga\u00e7\u00e3o LEGEND<\/figcaption><\/figure>\n<p>&nbsp;<\/p>\n<p>O evento russo PRO FC teve uma grande baixa nesta quinta feira.<\/p>\n<p>O irm\u00e3o de Fedor Emelianenko, Alexander machucou o ligamento do p\u00e9 esquerdo e est\u00e1 fora da edi\u00e7\u00e3o.<\/p>\n<p>O an\u00fancio foi feito pelo pr\u00f3prio lutador nas redes sociais, dizendo que a les\u00e3o n\u00e3o \u00e9 grave por\u00e9m deixa Emelianenko fora do evento que acontece no dia 25 de agosto.<\/p>\n<p>&#8220;Pe\u00e7o desculpas a todos que compraram ingressos para este evento. Espero poder curar meu p\u00e9 para poder voltar a treinar em setembro visando meu combate em novembro.&#8221; disse Alexander citando a revanche contra a lenda croata Mirko Crocop.<\/p>\n<p>O PRO FC n\u00e3o decidiu ainda qual ser\u00e1 a luta principal da edi\u00e7\u00e3o que conta com a participa\u00e7\u00e3o brasileira de Dimitri Zebrosky.<\/p>\n","protected":false},"excerpt":{"rendered":"<p>&nbsp; O evento russo PRO FC teve uma grande baixa nesta quinta feira. O irm\u00e3o de Fedor Emelianenko, Alexander machucou o ligamento do p\u00e9 esquerdo <a class=\"read-more\" href=\"https:\/\/blogs.gazetaesportiva.com\/planeta-octogono\/2013\/08\/08\/lesionado-alexander-emelianenko-esta-fora-do-pro-fc-50-que-acontece-neste-mes-na-russia\/\">leia mais<\/a><\/p>\n","protected":false},"author":33,"featured_media":0,"comment_status":"open","ping_status":"open","sticky":false,"template":"","format":"standard","meta":{"jetpack_post_was_ever_published":false,"_jetpack_newsletter_access":"","_jetpack_dont_email_post_to_subs":false,"_jetpack_newsletter_tier_id":0,"_jetpack_memberships_contains_paywalled_content":false,"_jetpack_memberships_contains_paid_content":false,"footnotes":"","jetpack_publicize_message":"","jetpack_publicize_feature_enabled":true,"jetpack_social_post_already_shared":false,"jetpack_social_options":{"image_generator_settings":{"template":"highway","default_image_id":0,"font":"","enabled":false},"version":2}},"categories":[1],"tags":[157,341],"class_list":["post-7165","post","type-post","status-publish","format-standard","hentry","category-principal","tag-alexander-emelianenko","tag-pro-fc-50"],"jetpack_publicize_connections":[],"jetpack_featured_media_url":"","jetpack_sharing_enabled":true,"jetpack_shortlink":"https:\/\/wp.me\/p6rqUQ-1Rz","_links":{"self":[{"href":"https:\/\/blogs.gazetaesportiva.com\/planeta-octogono\/wp-json\/wp\/v2\/posts\/7165","targetHints":{"allow":["GET"]}}],"collection":[{"href":"https:\/\/blogs.gazetaesportiva.com\/planeta-octogono\/wp-json\/wp\/v2\/posts"}],"about":[{"href":"https:\/\/blogs.gazetaesportiva.com\/planeta-octogono\/wp-json\/wp\/v2\/types\/post"}],"author":[{"embeddable":true,"href":"https:\/\/blogs.gazetaesportiva.com\/planeta-octogono\/wp-json\/wp\/v2\/users\/33"}],"replies":[{"embeddable":true,"href":"https:\/\/blogs.gazetaesportiva.com\/planeta-octogono\/wp-json\/wp\/v2\/comments?post=7165"}],"version-history":[{"count":0,"href":"https:\/\/blogs.gazetaesportiva.com\/planeta-octogono\/wp-json\/wp\/v2\/posts\/7165\/revisions"}],"wp:attachment":[{"href":"https:\/\/blogs.gazetaesportiva.com\/planeta-octogono\/wp-json\/wp\/v2\/media?parent=7165"}],"wp:term":[{"taxonomy":"category","embeddable":true,"href":"https:\/\/blogs.gazetaesportiva.com\/planeta-octogono\/wp-json\/wp\/v2\/categories?post=7165"},{"taxonomy":"post_tag","embeddable":true,"href":"https:\/\/blogs.gazetaesportiva.com\/planeta-octogono\/wp-json\/wp\/v2\/tags?post=7165"}],"curies":[{"name":"wp","href":"https:\/\/api.w.org\/{rel}","templated":true}]}}