{"id":7162,"date":"2013-08-08T10:24:52","date_gmt":"2013-08-08T13:24:52","guid":{"rendered":"https:\/\/blogs.gazetaesportiva.com\/planeta-octogono\/?p=7162"},"modified":"2013-08-08T10:24:52","modified_gmt":"2013-08-08T13:24:52","slug":"kevin-souza-substitui-americano-e-enfrenta-felipe-sertanejo-em-edicao-do-ufc-em-belo-horizonte","status":"publish","type":"post","link":"https:\/\/blogs.gazetaesportiva.com\/planeta-octogono\/2013\/08\/08\/kevin-souza-substitui-americano-e-enfrenta-felipe-sertanejo-em-edicao-do-ufc-em-belo-horizonte\/","title":{"rendered":"Kevin Souza substitui americano e enfrenta Felipe Sertanejo em edi\u00e7\u00e3o do UFC em Belo Horizonte"},"content":{"rendered":"<figure id=\"attachment_7163\" aria-describedby=\"caption-attachment-7163\" style=\"width: 614px\" class=\"wp-caption aligncenter\"><a href=\"https:\/\/blogs.gazetaesportiva.com\/planeta-octogono\/files\/2013\/08\/Kevin-Souza-e-Fabiano-Soldado-foto-Fernando-Azevedo05.jpg\"><img loading=\"lazy\" decoding=\"async\" class=\" wp-image-7163 \" alt=\"Lutador do Jungle Fight encara compatriota em edi\u00e7\u00e3o do UFC em Belo Horizonte - Divulga\u00e7\u00e3o Jungle Fight\/Fernando Azevedo\" src=\"https:\/\/blogs.gazetaesportiva.com\/planeta-octogono\/files\/2013\/08\/Kevin-Souza-e-Fabiano-Soldado-foto-Fernando-Azevedo05.jpg\" width=\"614\" height=\"410\" \/><\/a><figcaption id=\"caption-attachment-7163\" class=\"wp-caption-text\">Lutador do Jungle Fight encara compatriota em edi\u00e7\u00e3o do UFC em Belo Horizonte &#8211; Divulga\u00e7\u00e3o Jungle Fight\/Fernando Azevedo<\/figcaption><\/figure>\n<p>&nbsp;<\/p>\n<p>O combate de Felipe Sertanejo contra o americano Sam Sicilia teve uma mudan\u00e7a de planos.<\/p>\n<p>Lesionado, Sicilia est\u00e1 fora do combate e o lutador do evento Jungle Fight, Kevin Souza foi chamado para enfrentar Sertanejo.<\/p>\n<p>Kevin que tem 28 anos e um cartel de 13 vit\u00f3rias e 3 derrotas, faz sua estr\u00e9ia no UFC na cidade de Belo Horizonte no dia 4 de setembro.<\/p>\n<p>Felipe Sertanejo vem sobre vit\u00f3ria contra Godofredo Pepey no TUF Brasil Finale, na cidade de Fortaleza em junho deste ano.<\/p>\n<p>A edi\u00e7\u00e3o do UFC em Belo Horizonte deve acontecer no Gin\u00e1sio do Mineirinho, palco da edi\u00e7\u00e3o 147 do evento.<\/p>\n","protected":false},"excerpt":{"rendered":"<p>&nbsp; O combate de Felipe Sertanejo contra o americano Sam Sicilia teve uma mudan\u00e7a de planos. Lesionado, Sicilia est\u00e1 fora do combate e o lutador <a class=\"read-more\" href=\"https:\/\/blogs.gazetaesportiva.com\/planeta-octogono\/2013\/08\/08\/kevin-souza-substitui-americano-e-enfrenta-felipe-sertanejo-em-edicao-do-ufc-em-belo-horizonte\/\">leia mais<\/a><\/p>\n","protected":false},"author":33,"featured_media":7163,"comment_status":"open","ping_status":"open","sticky":false,"template":"","format":"standard","meta":{"jetpack_post_was_ever_published":false,"_jetpack_newsletter_access":"","_jetpack_dont_email_post_to_subs":false,"_jetpack_newsletter_tier_id":0,"_jetpack_memberships_contains_paywalled_content":false,"_jetpack_memberships_contains_paid_content":false,"footnotes":"","jetpack_publicize_message":"","jetpack_publicize_feature_enabled":true,"jetpack_social_post_already_shared":false,"jetpack_social_options":{"image_generator_settings":{"template":"highway","default_image_id":0,"font":"","enabled":false},"version":2}},"categories":[1],"tags":[109,244,340,41],"class_list":["post-7162","post","type-post","status-publish","format-standard","has-post-thumbnail","hentry","category-principal","tag-belo-horizonte","tag-felipe-sertanejo","tag-kevin-souza","tag-ufc"],"jetpack_publicize_connections":[],"jetpack_featured_media_url":"https:\/\/blogs.gazetaesportiva.com\/planeta-octogono\/files\/2013\/08\/Kevin-Souza-e-Fabiano-Soldado-foto-Fernando-Azevedo05.jpg","jetpack_sharing_enabled":true,"jetpack_shortlink":"https:\/\/wp.me\/p6rqUQ-1Rw","_links":{"self":[{"href":"https:\/\/blogs.gazetaesportiva.com\/planeta-octogono\/wp-json\/wp\/v2\/posts\/7162","targetHints":{"allow":["GET"]}}],"collection":[{"href":"https:\/\/blogs.gazetaesportiva.com\/planeta-octogono\/wp-json\/wp\/v2\/posts"}],"about":[{"href":"https:\/\/blogs.gazetaesportiva.com\/planeta-octogono\/wp-json\/wp\/v2\/types\/post"}],"author":[{"embeddable":true,"href":"https:\/\/blogs.gazetaesportiva.com\/planeta-octogono\/wp-json\/wp\/v2\/users\/33"}],"replies":[{"embeddable":true,"href":"https:\/\/blogs.gazetaesportiva.com\/planeta-octogono\/wp-json\/wp\/v2\/comments?post=7162"}],"version-history":[{"count":0,"href":"https:\/\/blogs.gazetaesportiva.com\/planeta-octogono\/wp-json\/wp\/v2\/posts\/7162\/revisions"}],"wp:featuredmedia":[{"embeddable":true,"href":"https:\/\/blogs.gazetaesportiva.com\/planeta-octogono\/wp-json\/wp\/v2\/media\/7163"}],"wp:attachment":[{"href":"https:\/\/blogs.gazetaesportiva.com\/planeta-octogono\/wp-json\/wp\/v2\/media?parent=7162"}],"wp:term":[{"taxonomy":"category","embeddable":true,"href":"https:\/\/blogs.gazetaesportiva.com\/planeta-octogono\/wp-json\/wp\/v2\/categories?post=7162"},{"taxonomy":"post_tag","embeddable":true,"href":"https:\/\/blogs.gazetaesportiva.com\/planeta-octogono\/wp-json\/wp\/v2\/tags?post=7162"}],"curies":[{"name":"wp","href":"https:\/\/api.w.org\/{rel}","templated":true}]}}