{"id":7153,"date":"2013-08-07T12:26:06","date_gmt":"2013-08-07T15:26:06","guid":{"rendered":"https:\/\/blogs.gazetaesportiva.com\/planeta-octogono\/?p=7153"},"modified":"2013-08-07T12:29:56","modified_gmt":"2013-08-07T15:29:56","slug":"capa-da-playboy-de-setembro-aline-franzoi-revela-ensaio-sera-focado-no-mundo-das-lutas","status":"publish","type":"post","link":"https:\/\/blogs.gazetaesportiva.com\/planeta-octogono\/2013\/08\/07\/capa-da-playboy-de-setembro-aline-franzoi-revela-ensaio-sera-focado-no-mundo-das-lutas\/","title":{"rendered":"Capa da Playboy de setembro, Aline Franzoi revela: Ensaio ser\u00e1 focado no mundo das lutas!"},"content":{"rendered":"<figure id=\"attachment_6945\" aria-describedby=\"caption-attachment-6945\" style=\"width: 507px\" class=\"wp-caption aligncenter\"><a href=\"https:\/\/blogs.gazetaesportiva.com\/planeta-octogono\/files\/2013\/07\/376851_366508263421067_157895269_n.jpg\"><img loading=\"lazy\" decoding=\"async\" class=\"size-full wp-image-6945\" alt=\"Aline Franzoi ser\u00e1 capa de famosa revista masculina - Divulga\u00e7\u00e3o Aline Franzoi\" src=\"https:\/\/blogs.gazetaesportiva.com\/planeta-octogono\/files\/2013\/07\/376851_366508263421067_157895269_n.jpg\" width=\"507\" height=\"562\" \/><\/a><figcaption id=\"caption-attachment-6945\" class=\"wp-caption-text\">Aline Franzoi ser\u00e1 capa de famosa revista masculina &#8211; Divulga\u00e7\u00e3o Aline Franzoi<\/figcaption><\/figure>\n<p>&nbsp;<\/p>\n<p>Ap\u00f3s confirmar para o <strong>Planeta Oct\u00f3gono<\/strong> que vai ser capa da famosa revista masculina <strong>Playboy<\/strong> no m\u00eas de setembro, a modelo e apresentadora <strong>Aline Franzoi<\/strong> voltou a conversar com o blog.<\/p>\n<p>Em uma pequeno bate papo, Aline revelou como ser\u00e1 o ensaio da revista e como est\u00e1 preparada para a repercuss\u00e3o do trabalho.<\/p>\n<p>A modelo que atuou na edi\u00e7\u00e3o do UFC S\u00e3o Paulo, tamb\u00e9m atua como ring girl em eventos de MMA no Brasil.<\/p>\n<p>&nbsp;<\/p>\n<p style=\"text-align: center\"><strong>Confira o bate papo exclusivo com a modelo Aline Franzoi:<\/strong><\/p>\n<p>&nbsp;<\/p>\n<div dir=\"ltr\">\n<div><strong>Planeta Oct\u00f3gono &#8211;<\/strong> Como surgiu a id\u00e9ia do ensaio para a Revista Playboy?<\/div>\n<div><\/div>\n<div><strong>Aline Franzoi &#8211;<\/strong> Acredito que eles me viram no UFC S\u00e3o Paulo e gostaram.\u00a0Depois me fizeram o convite.<\/div>\n<div>\n<div><\/div>\n<div>\n<figure id=\"attachment_2946\" aria-describedby=\"caption-attachment-2946\" style=\"width: 298px\" class=\"wp-caption alignright\"><a href=\"https:\/\/blogs.gazetaesportiva.com\/planeta-octogono\/files\/2013\/01\/IMG_8524-1.jpg\"><img loading=\"lazy\" decoding=\"async\" class=\" wp-image-2946    \" alt=\"Aline foi ring girl do UFC em S\u00e3o Paulo - Gazeta Press\/Ana Carolina\" src=\"https:\/\/blogs.gazetaesportiva.com\/planeta-octogono\/files\/2013\/01\/IMG_8524-1.jpg\" width=\"298\" height=\"448\" \/><\/a><figcaption id=\"caption-attachment-2946\" class=\"wp-caption-text\">Aline foi ring girl do UFC em S\u00e3o Paulo &#8211; Gazeta Press\/Ana Carolina<\/figcaption><\/figure>\n<p><strong>Planeta Oct\u00f3gono &#8211;<\/strong>\u00a0Com este novo projeto, certamente o ass\u00e9dio masculino vai aumentar e como voc\u00ea se sente preparada para isto?<\/p>\n<\/div>\n<\/div>\n<div><\/div>\n<div><strong>Aline Franzoi &#8211;<\/strong>\u00a0Estou acostumada com ass\u00e9dio, levo isso naturalmente . Procuro ser simp\u00e1tica .<\/div>\n<div>\n<div><\/div>\n<div><strong>Planeta Oct\u00f3gono &#8211;<\/strong>\u00a0Falando em ass\u00e9dio, como sua vida mudou ap\u00f3s sua apari\u00e7\u00e3o no UFC? est\u00e1 sendo mais reconhecida nas ruas?<\/div>\n<\/div>\n<div><\/div>\n<div><strong>Aline Franzoi &#8211;<\/strong>\u00a0As vezes, mas o que me deixa mais feliz \u00e9 que tenho trabalhado muito ultimamente.<\/div>\n<div>\n<div><\/div>\n<div><strong>Planeta Oct\u00f3gono &#8211;<\/strong>\u00a0O ensaio ser\u00e1 voltado para o MMA? O que voc\u00ea pode nos contar sobre as fotos?<\/div>\n<\/div>\n<div><\/div>\n<div><strong>Aline Franzoi &#8211;<\/strong>\u00a0Sim, o ensaio \u00e9 voltado ao mundo de Lutas, afinal esta super em alta (risos).<\/div>\n<div>\n<div><\/div>\n<div><strong>Planeta Oct\u00f3gono &#8211;<\/strong>\u00a0Voc\u00ea realizou um evento no sul do Brasil, como Ring Girl, voc\u00ea tem planos para continuar trabalhando nos eventos de MMA?<\/div>\n<\/div>\n<div><\/div>\n<div><strong>Aline Franzoi &#8211;<\/strong>\u00a0Talvez, gosto bastante de ser Ring Girl.\u00a0Acho que consigo conciliar as duas carreiras.<\/div>\n<div><\/div>\n<div>\n<div><strong>Planeta Oct\u00f3gono &#8211;<\/strong>\u00a0Tirando a curiosidade dos f\u00e3s, o que uma garota precisa para ser uma Ring Girl?<\/div>\n<\/div>\n<div><\/div>\n<div><strong>Aline Franzoi &#8211;<\/strong>\u00a0Procurar dar o melhor de si para o trabalho, vestir a camisa da empresa.<\/div>\n<div>\n<div><strong>Planeta Oct\u00f3gono &#8211;<\/strong>\u00a0Se puder mande uma mensagem para os f\u00e3s e leitores da Gazeta Esportiva.net&#8230;<\/div>\n<\/div>\n<\/div>\n<div><\/div>\n<div><strong>Aline Franzoi &#8211;<\/strong>\u00a0Gostaria de agradecer a todos voc\u00eas pelo carinho\u00a0e dizer que a revista estar\u00e1 nas bancas dia 10 de setembro.<\/div>\n<div><\/div>\n<div style=\"text-align: center\"><strong><em id=\"__mceDel\"><em id=\"__mceDel\"><em id=\"__mceDel\"><em id=\"__mceDel\">Acesse a F\u00e3 Page de Aline no Facebook &#8211;\u00a0<em id=\"__mceDel\"><em id=\"__mceDel\"><em id=\"__mceDel\"><em id=\"__mceDel\"><a href=\"https:\/\/www.facebook.com\/pages\/Aline-Franzoi\/294477150680295?ref=hl\" target=\"_blank\">https:\/\/www.facebook.com\/pages\/Aline-Franzoi\/294477150680295?ref=hl<\/a><\/em><\/em><\/em><\/em><\/em><\/em><\/em><\/em><\/strong><\/div>\n<div><em id=\"__mceDel\"><em id=\"__mceDel\"><em id=\"__mceDel\"><em id=\"__mceDel\"><a href=\"https:\/\/www.facebook.com\/pages\/Aline-Franzoi\/294477150680295?ref=hl\" target=\"_blank\">\u00a0<\/a><\/em><\/em><\/em><\/em><\/div>\n","protected":false},"excerpt":{"rendered":"<p>&nbsp; Ap\u00f3s confirmar para o Planeta Oct\u00f3gono que vai ser capa da famosa revista masculina Playboy no m\u00eas de setembro, a modelo e apresentadora Aline <a class=\"read-more\" href=\"https:\/\/blogs.gazetaesportiva.com\/planeta-octogono\/2013\/08\/07\/capa-da-playboy-de-setembro-aline-franzoi-revela-ensaio-sera-focado-no-mundo-das-lutas\/\">leia mais<\/a><\/p>\n","protected":false},"author":33,"featured_media":0,"comment_status":"open","ping_status":"open","sticky":false,"template":"","format":"standard","meta":{"jetpack_post_was_ever_published":false,"_jetpack_newsletter_access":"","_jetpack_dont_email_post_to_subs":false,"_jetpack_newsletter_tier_id":0,"_jetpack_memberships_contains_paywalled_content":false,"_jetpack_memberships_contains_paid_content":false,"footnotes":"","jetpack_publicize_message":"","jetpack_publicize_feature_enabled":true,"jetpack_social_post_already_shared":false,"jetpack_social_options":{"image_generator_settings":{"template":"highway","default_image_id":0,"font":"","enabled":false},"version":2}},"categories":[1],"tags":[291,289],"class_list":["post-7153","post","type-post","status-publish","format-standard","hentry","category-principal","tag-playboy","tag-aline-franzoi"],"jetpack_publicize_connections":[],"jetpack_featured_media_url":"","jetpack_sharing_enabled":true,"jetpack_shortlink":"https:\/\/wp.me\/p6rqUQ-1Rn","_links":{"self":[{"href":"https:\/\/blogs.gazetaesportiva.com\/planeta-octogono\/wp-json\/wp\/v2\/posts\/7153","targetHints":{"allow":["GET"]}}],"collection":[{"href":"https:\/\/blogs.gazetaesportiva.com\/planeta-octogono\/wp-json\/wp\/v2\/posts"}],"about":[{"href":"https:\/\/blogs.gazetaesportiva.com\/planeta-octogono\/wp-json\/wp\/v2\/types\/post"}],"author":[{"embeddable":true,"href":"https:\/\/blogs.gazetaesportiva.com\/planeta-octogono\/wp-json\/wp\/v2\/users\/33"}],"replies":[{"embeddable":true,"href":"https:\/\/blogs.gazetaesportiva.com\/planeta-octogono\/wp-json\/wp\/v2\/comments?post=7153"}],"version-history":[{"count":0,"href":"https:\/\/blogs.gazetaesportiva.com\/planeta-octogono\/wp-json\/wp\/v2\/posts\/7153\/revisions"}],"wp:attachment":[{"href":"https:\/\/blogs.gazetaesportiva.com\/planeta-octogono\/wp-json\/wp\/v2\/media?parent=7153"}],"wp:term":[{"taxonomy":"category","embeddable":true,"href":"https:\/\/blogs.gazetaesportiva.com\/planeta-octogono\/wp-json\/wp\/v2\/categories?post=7153"},{"taxonomy":"post_tag","embeddable":true,"href":"https:\/\/blogs.gazetaesportiva.com\/planeta-octogono\/wp-json\/wp\/v2\/tags?post=7153"}],"curies":[{"name":"wp","href":"https:\/\/api.w.org\/{rel}","templated":true}]}}