{"id":7150,"date":"2013-08-07T12:03:34","date_gmt":"2013-08-07T15:03:34","guid":{"rendered":"https:\/\/blogs.gazetaesportiva.com\/planeta-octogono\/?p=7150"},"modified":"2013-08-07T12:03:34","modified_gmt":"2013-08-07T15:03:34","slug":"lenda-do-mundo-das-lutas-buakaw-volta-a-lutar-no-k-1-na-espanha-em-setembro","status":"publish","type":"post","link":"https:\/\/blogs.gazetaesportiva.com\/planeta-octogono\/2013\/08\/07\/lenda-do-mundo-das-lutas-buakaw-volta-a-lutar-no-k-1-na-espanha-em-setembro\/","title":{"rendered":"Lenda do mundo das lutas, Buakaw volta a lutar no K-1 na Espanha em setembro"},"content":{"rendered":"<figure id=\"attachment_3283\" aria-describedby=\"caption-attachment-3283\" style=\"width: 520px\" class=\"wp-caption aligncenter\"><a href=\"https:\/\/blogs.gazetaesportiva.com\/planeta-octogono\/files\/2013\/02\/Buakaw-Dragoweb.jpg\"><img loading=\"lazy\" decoding=\"async\" class=\"size-full wp-image-3283\" alt=\"Buakaw Pranchamek est\u00e1 de volta a grande evento de kickboxing - Divulga\u00e7\u00e3o FEG\" src=\"https:\/\/blogs.gazetaesportiva.com\/planeta-octogono\/files\/2013\/02\/Buakaw-Dragoweb.jpg\" width=\"520\" height=\"347\" \/><\/a><figcaption id=\"caption-attachment-3283\" class=\"wp-caption-text\">Buakaw Pranchamek est\u00e1 de volta a grande evento de kickboxing &#8211; Divulga\u00e7\u00e3o FEG<\/figcaption><\/figure>\n<p>&nbsp;<\/p>\n<p>\u00c9 oficial!<\/p>\n<p>Uma das maiores lendas do mundo das lutas, o tailand\u00eas Buakaw Pranchamek (sobrenome de sua nova academia) foi anunciado oficialmente por uma das maiores organiza\u00e7\u00f5es de kickboxing do mundo, o K-1.<\/p>\n<p>No dia 14 de setembro em Mallorca na Espanha, o lutador peso leve vai competir no GP at\u00e9 70 kg, o famoso K-1 World Max juntamente com grandes nomes como Andy Souwer e Mike Zambidis.<\/p>\n<p>O lutador ainda n\u00e3o tem seu oponente definido, por\u00e9m a organiza\u00e7\u00e3o deve anunciar em breve os combates do evento que tamb\u00e9m conta com a presen\u00e7a do lutador brasileiro Wallace Lopes.<\/p>\n<p>Campe\u00e3o por duas vezes do K-1 World Max em 2004 e 2006, o lutador de 31 anos \u00e9 um dos \u00eddolos da nova gera\u00e7\u00e3o do kickboxing.<\/p>\n<p>&nbsp;<\/p>\n<p style=\"text-align: center\"><strong>Conhe\u00e7a Buakaw Banchamek:<\/strong><\/p>\n<p style=\"text-align: center\"><strong>[yframe url=&#8217;http:\/\/www.youtube.com\/watch?v=qwfZ3CLtrgw&#8217;]<\/strong><\/p>\n","protected":false},"excerpt":{"rendered":"<p>&nbsp; \u00c9 oficial! Uma das maiores lendas do mundo das lutas, o tailand\u00eas Buakaw Pranchamek (sobrenome de sua nova academia) foi anunciado oficialmente por uma <a class=\"read-more\" href=\"https:\/\/blogs.gazetaesportiva.com\/planeta-octogono\/2013\/08\/07\/lenda-do-mundo-das-lutas-buakaw-volta-a-lutar-no-k-1-na-espanha-em-setembro\/\">leia mais<\/a><\/p>\n","protected":false},"author":33,"featured_media":0,"comment_status":"open","ping_status":"open","sticky":false,"template":"","format":"standard","meta":{"jetpack_post_was_ever_published":false,"_jetpack_newsletter_access":"","_jetpack_dont_email_post_to_subs":false,"_jetpack_newsletter_tier_id":0,"_jetpack_memberships_contains_paywalled_content":false,"_jetpack_memberships_contains_paid_content":false,"footnotes":"","jetpack_publicize_message":"","jetpack_publicize_feature_enabled":true,"jetpack_social_post_already_shared":false,"jetpack_social_options":{"image_generator_settings":{"template":"highway","default_image_id":0,"font":"","enabled":false},"version":2}},"categories":[1],"tags":[337,338],"class_list":["post-7150","post","type-post","status-publish","format-standard","hentry","category-principal","tag-buakaw-banchamek","tag-k-1-world-max"],"jetpack_publicize_connections":[],"jetpack_featured_media_url":"","jetpack_sharing_enabled":true,"jetpack_shortlink":"https:\/\/wp.me\/p6rqUQ-1Rk","_links":{"self":[{"href":"https:\/\/blogs.gazetaesportiva.com\/planeta-octogono\/wp-json\/wp\/v2\/posts\/7150","targetHints":{"allow":["GET"]}}],"collection":[{"href":"https:\/\/blogs.gazetaesportiva.com\/planeta-octogono\/wp-json\/wp\/v2\/posts"}],"about":[{"href":"https:\/\/blogs.gazetaesportiva.com\/planeta-octogono\/wp-json\/wp\/v2\/types\/post"}],"author":[{"embeddable":true,"href":"https:\/\/blogs.gazetaesportiva.com\/planeta-octogono\/wp-json\/wp\/v2\/users\/33"}],"replies":[{"embeddable":true,"href":"https:\/\/blogs.gazetaesportiva.com\/planeta-octogono\/wp-json\/wp\/v2\/comments?post=7150"}],"version-history":[{"count":0,"href":"https:\/\/blogs.gazetaesportiva.com\/planeta-octogono\/wp-json\/wp\/v2\/posts\/7150\/revisions"}],"wp:attachment":[{"href":"https:\/\/blogs.gazetaesportiva.com\/planeta-octogono\/wp-json\/wp\/v2\/media?parent=7150"}],"wp:term":[{"taxonomy":"category","embeddable":true,"href":"https:\/\/blogs.gazetaesportiva.com\/planeta-octogono\/wp-json\/wp\/v2\/categories?post=7150"},{"taxonomy":"post_tag","embeddable":true,"href":"https:\/\/blogs.gazetaesportiva.com\/planeta-octogono\/wp-json\/wp\/v2\/tags?post=7150"}],"curies":[{"name":"wp","href":"https:\/\/api.w.org\/{rel}","templated":true}]}}