{"id":7147,"date":"2013-08-07T11:54:56","date_gmt":"2013-08-07T14:54:56","guid":{"rendered":"https:\/\/blogs.gazetaesportiva.com\/planeta-octogono\/?p=7147"},"modified":"2013-08-08T17:54:44","modified_gmt":"2013-08-08T20:54:44","slug":"fernando-santo-forte-foca-o-mma-e-assina-contrato-com-a-team-nogueira","status":"publish","type":"post","link":"https:\/\/blogs.gazetaesportiva.com\/planeta-octogono\/2013\/08\/07\/fernando-santo-forte-foca-o-mma-e-assina-contrato-com-a-team-nogueira\/","title":{"rendered":"Fernando Santo Forte foca o MMA e assina contrato com a Team Nogueira"},"content":{"rendered":"<figure id=\"attachment_7148\" aria-describedby=\"caption-attachment-7148\" style=\"width: 640px\" class=\"wp-caption aligncenter\"><a href=\"https:\/\/blogs.gazetaesportiva.com\/planeta-octogono\/files\/2013\/08\/fernandosantoforteteamnogueira.jpg\"><img loading=\"lazy\" decoding=\"async\" class=\"size-full wp-image-7148\" alt=\"Fernando Santo Forte com os irm\u00e3os Nogueira - Divulga\u00e7\u00e3o\" src=\"https:\/\/blogs.gazetaesportiva.com\/planeta-octogono\/files\/2013\/08\/fernandosantoforteteamnogueira.jpg\" width=\"640\" height=\"480\" \/><\/a><figcaption id=\"caption-attachment-7148\" class=\"wp-caption-text\">Fernando Santo Forte com os irm\u00e3os Nogueira &#8211; Divulga\u00e7\u00e3o<\/figcaption><\/figure>\n<div><\/div>\n<div>O atleta paulistano Fernando Santo-Forte, de 25 anos, acaba de assinar contrato com a Team Nogueira, dos irm\u00e3os Minotauro e Minotouro, para representar a equipe em S\u00e3o Paulo, com prazo indeterminado de dura\u00e7\u00e3o.<\/div>\n<div><\/div>\n<div>Com um cartel de 4 vit\u00f3rias no MMA, Fernando Santo-Forte lutar\u00e1 contra o oponente William Baldutti Gigante, pelo t\u00edtulo dos pesados do Jungle Fight, no dia 14 de setembro, no gin\u00e1sio do Canind\u00e9, na cidade de S\u00e3o Paulo, em comemora\u00e7\u00e3o aos 10 anos do evento.<\/div>\n<div><\/div>\n<div>\u201cMe sinto honrado em fazer parte desta fam\u00edlia. \u00c9 um sonho realizado. Agora, vou para cima dos meus rivais em busca deste cintur\u00e3o\u201d, comentou Fernando Santo-Forte.<\/div>\n<div><\/div>\n<div>Natural de S\u00e3o Paulo, Fernando Santo-Forte tem 25 anos e \u00e9 professor de Muay-Thai h\u00e1 quatro. Competidor de MMA h\u00e1 dois anos, o atleta est\u00e1 invicto com um cartel de 4 vit\u00f3rias. Entre seus principais t\u00edtulos, est\u00e3o o de campe\u00e3o do Maxsport 131, Elite Fighting Championship 5, Paul\u00ednia Fighter OS MMA, de 2011 e o da Federa\u00e7\u00e3o Brasileira de MMA.<\/div>\n","protected":false},"excerpt":{"rendered":"<p>O atleta paulistano Fernando Santo-Forte, de 25 anos, acaba de assinar contrato com a Team Nogueira, dos irm\u00e3os Minotauro e Minotouro, para representar a equipe <a class=\"read-more\" href=\"https:\/\/blogs.gazetaesportiva.com\/planeta-octogono\/2013\/08\/07\/fernando-santo-forte-foca-o-mma-e-assina-contrato-com-a-team-nogueira\/\">leia mais<\/a><\/p>\n","protected":false},"author":33,"featured_media":7148,"comment_status":"open","ping_status":"open","sticky":false,"template":"","format":"standard","meta":{"jetpack_post_was_ever_published":false,"_jetpack_newsletter_access":"","_jetpack_dont_email_post_to_subs":false,"_jetpack_newsletter_tier_id":0,"_jetpack_memberships_contains_paywalled_content":false,"_jetpack_memberships_contains_paid_content":false,"footnotes":"","jetpack_publicize_message":"","jetpack_publicize_feature_enabled":true,"jetpack_social_post_already_shared":false,"jetpack_social_options":{"image_generator_settings":{"template":"highway","default_image_id":0,"font":"","enabled":false},"version":2}},"categories":[1],"tags":[335,336],"class_list":["post-7147","post","type-post","status-publish","format-standard","has-post-thumbnail","hentry","category-principal","tag-fernando-santo-forte","tag-team-nogueira"],"jetpack_publicize_connections":[],"jetpack_featured_media_url":"https:\/\/blogs.gazetaesportiva.com\/planeta-octogono\/files\/2013\/08\/fernandosantoforteteamnogueira.jpg","jetpack_sharing_enabled":true,"jetpack_shortlink":"https:\/\/wp.me\/p6rqUQ-1Rh","_links":{"self":[{"href":"https:\/\/blogs.gazetaesportiva.com\/planeta-octogono\/wp-json\/wp\/v2\/posts\/7147","targetHints":{"allow":["GET"]}}],"collection":[{"href":"https:\/\/blogs.gazetaesportiva.com\/planeta-octogono\/wp-json\/wp\/v2\/posts"}],"about":[{"href":"https:\/\/blogs.gazetaesportiva.com\/planeta-octogono\/wp-json\/wp\/v2\/types\/post"}],"author":[{"embeddable":true,"href":"https:\/\/blogs.gazetaesportiva.com\/planeta-octogono\/wp-json\/wp\/v2\/users\/33"}],"replies":[{"embeddable":true,"href":"https:\/\/blogs.gazetaesportiva.com\/planeta-octogono\/wp-json\/wp\/v2\/comments?post=7147"}],"version-history":[{"count":0,"href":"https:\/\/blogs.gazetaesportiva.com\/planeta-octogono\/wp-json\/wp\/v2\/posts\/7147\/revisions"}],"wp:featuredmedia":[{"embeddable":true,"href":"https:\/\/blogs.gazetaesportiva.com\/planeta-octogono\/wp-json\/wp\/v2\/media\/7148"}],"wp:attachment":[{"href":"https:\/\/blogs.gazetaesportiva.com\/planeta-octogono\/wp-json\/wp\/v2\/media?parent=7147"}],"wp:term":[{"taxonomy":"category","embeddable":true,"href":"https:\/\/blogs.gazetaesportiva.com\/planeta-octogono\/wp-json\/wp\/v2\/categories?post=7147"},{"taxonomy":"post_tag","embeddable":true,"href":"https:\/\/blogs.gazetaesportiva.com\/planeta-octogono\/wp-json\/wp\/v2\/tags?post=7147"}],"curies":[{"name":"wp","href":"https:\/\/api.w.org\/{rel}","templated":true}]}}