{"id":7139,"date":"2013-08-06T11:16:36","date_gmt":"2013-08-06T14:16:36","guid":{"rendered":"https:\/\/blogs.gazetaesportiva.com\/planeta-octogono\/?p=7139"},"modified":"2013-08-06T11:18:32","modified_gmt":"2013-08-06T14:18:32","slug":"veja-os-bastidores-das-edicoes-do-ufc-162-e-163","status":"publish","type":"post","link":"https:\/\/blogs.gazetaesportiva.com\/planeta-octogono\/2013\/08\/06\/veja-os-bastidores-das-edicoes-do-ufc-162-e-163\/","title":{"rendered":"Veja os bastidores das edi\u00e7\u00f5es do UFC 162 e 163"},"content":{"rendered":"<figure id=\"attachment_7101\" aria-describedby=\"caption-attachment-7101\" style=\"width: 368px\" class=\"wp-caption aligncenter\"><a href=\"https:\/\/blogs.gazetaesportiva.com\/planeta-octogono\/files\/2013\/08\/1086_04.37.2013_44343_ef_20130804.jpg\"><img loading=\"lazy\" decoding=\"async\" class=\" wp-image-7101     \" alt=\"Veja bastidores de conquista de Jos\u00e9 Aldo e derrota de Anderson Silva - Alexandre Loureiro\/Inovafoto\" src=\"https:\/\/blogs.gazetaesportiva.com\/planeta-octogono\/files\/2013\/08\/1086_04.37.2013_44343_ef_20130804.jpg\" width=\"368\" height=\"553\" \/><\/a><figcaption id=\"caption-attachment-7101\" class=\"wp-caption-text\">Veja bastidores de conquista de Jos\u00e9 Aldo e derrota de Anderson Silva &#8211; Alexandre Loureiro\/Inovafoto<\/figcaption><\/figure>\n<p>&nbsp;<\/p>\n<p>O UFC divulgou dois v\u00eddeos de bastidores das edi\u00e7\u00f5es 162 e 163, esta \u00faltima que aconteceu no Rio de Janeiro neste fim de semana.<\/p>\n<p>Assista os bastidores dos eventos em um v\u00eddeo especial do UFC juntamente com o blog do Presidente da organiza\u00e7\u00e3o, Dana White.<\/p>\n<p>O UFC 162 teve a derrota do brasileiro Anderson Silva para o americano Chris Weidman.<\/p>\n<p>Na edi\u00e7\u00e3o 163, Jos\u00e9 Aldo manteve seu cintur\u00e3o peso pena contra o sul coreano Chan Sung Jung.<\/p>\n<p style=\"text-align: center\"><strong>Veja os bastidores do UFC 162 no blog de Dana White:<\/strong><\/p>\n<p style=\"text-align: center\"><strong>[yframe url=&#8217;http:\/\/www.youtube.com\/watch?v=VUtqm0hDXiY&#8217;]<\/strong><\/p>\n<p style=\"text-align: center\"><strong>Veja os bastidores do UFC 163:<\/strong><\/p>\n<p style=\"text-align: center\"><strong>[yframe url=&#8217;http:\/\/www.youtube.com\/watch?v=G8rDIa2gpy0&#8242;]<\/strong><\/p>\n<p>&nbsp;<\/p>\n","protected":false},"excerpt":{"rendered":"<p>&nbsp; O UFC divulgou dois v\u00eddeos de bastidores das edi\u00e7\u00f5es 162 e 163, esta \u00faltima que aconteceu no Rio de Janeiro neste fim de semana. <a class=\"read-more\" href=\"https:\/\/blogs.gazetaesportiva.com\/planeta-octogono\/2013\/08\/06\/veja-os-bastidores-das-edicoes-do-ufc-162-e-163\/\">leia mais<\/a><\/p>\n","protected":false},"author":33,"featured_media":0,"comment_status":"open","ping_status":"open","sticky":false,"template":"","format":"standard","meta":{"jetpack_post_was_ever_published":false,"_jetpack_newsletter_access":"","_jetpack_dont_email_post_to_subs":false,"_jetpack_newsletter_tier_id":0,"_jetpack_memberships_contains_paywalled_content":false,"_jetpack_memberships_contains_paid_content":false,"footnotes":"","jetpack_publicize_message":"","jetpack_publicize_feature_enabled":true,"jetpack_social_post_already_shared":false,"jetpack_social_options":{"image_generator_settings":{"template":"highway","default_image_id":0,"font":"","enabled":false},"version":2}},"categories":[1],"tags":[186,111,80],"class_list":["post-7139","post","type-post","status-publish","format-standard","hentry","category-principal","tag-bastidores","tag-dana-white","tag-ufc-162"],"jetpack_publicize_connections":[],"jetpack_featured_media_url":"","jetpack_sharing_enabled":true,"jetpack_shortlink":"https:\/\/wp.me\/p6rqUQ-1R9","_links":{"self":[{"href":"https:\/\/blogs.gazetaesportiva.com\/planeta-octogono\/wp-json\/wp\/v2\/posts\/7139","targetHints":{"allow":["GET"]}}],"collection":[{"href":"https:\/\/blogs.gazetaesportiva.com\/planeta-octogono\/wp-json\/wp\/v2\/posts"}],"about":[{"href":"https:\/\/blogs.gazetaesportiva.com\/planeta-octogono\/wp-json\/wp\/v2\/types\/post"}],"author":[{"embeddable":true,"href":"https:\/\/blogs.gazetaesportiva.com\/planeta-octogono\/wp-json\/wp\/v2\/users\/33"}],"replies":[{"embeddable":true,"href":"https:\/\/blogs.gazetaesportiva.com\/planeta-octogono\/wp-json\/wp\/v2\/comments?post=7139"}],"version-history":[{"count":0,"href":"https:\/\/blogs.gazetaesportiva.com\/planeta-octogono\/wp-json\/wp\/v2\/posts\/7139\/revisions"}],"wp:attachment":[{"href":"https:\/\/blogs.gazetaesportiva.com\/planeta-octogono\/wp-json\/wp\/v2\/media?parent=7139"}],"wp:term":[{"taxonomy":"category","embeddable":true,"href":"https:\/\/blogs.gazetaesportiva.com\/planeta-octogono\/wp-json\/wp\/v2\/categories?post=7139"},{"taxonomy":"post_tag","embeddable":true,"href":"https:\/\/blogs.gazetaesportiva.com\/planeta-octogono\/wp-json\/wp\/v2\/tags?post=7139"}],"curies":[{"name":"wp","href":"https:\/\/api.w.org\/{rel}","templated":true}]}}