{"id":7137,"date":"2013-08-06T10:59:35","date_gmt":"2013-08-06T13:59:35","guid":{"rendered":"https:\/\/blogs.gazetaesportiva.com\/planeta-octogono\/?p=7137"},"modified":"2013-08-06T10:59:35","modified_gmt":"2013-08-06T13:59:35","slug":"confiante-daniel-cormier-volta-a-desejar-luta-contra-jon-jones-vou-levar-ele-para-baixo","status":"publish","type":"post","link":"https:\/\/blogs.gazetaesportiva.com\/planeta-octogono\/2013\/08\/06\/confiante-daniel-cormier-volta-a-desejar-luta-contra-jon-jones-vou-levar-ele-para-baixo\/","title":{"rendered":"Confiante, Daniel Cormier volta a desejar luta contra Jon Jones: Vou levar ele para baixo!"},"content":{"rendered":"<figure id=\"attachment_5674\" aria-describedby=\"caption-attachment-5674\" style=\"width: 576px\" class=\"wp-caption aligncenter\"><a href=\"https:\/\/blogs.gazetaesportiva.com\/planeta-octogono\/files\/2013\/05\/941219_10151641021311276_363233109_n.jpg\"><img loading=\"lazy\" decoding=\"async\" class=\" wp-image-5674 \" alt=\"Lutador diz que quer combate contra Jon Jones - Divulga\u00e7\u00e3o UFC\" src=\"https:\/\/blogs.gazetaesportiva.com\/planeta-octogono\/files\/2013\/05\/941219_10151641021311276_363233109_n.jpg\" width=\"576\" height=\"376\" \/><\/a><figcaption id=\"caption-attachment-5674\" class=\"wp-caption-text\">Lutador diz que quer combate contra Jon Jones &#8211; Divulga\u00e7\u00e3o UFC<\/figcaption><\/figure>\n<p>&nbsp;<\/p>\n<p>O lutador americano Daniel Cormier, campe\u00e3o peso pesado do extinto evento americano Strikeforce, voltou a falar sobre um poss\u00edvel desafio ao campe\u00e3o meio pesado do UFC, Jon Jones.<\/p>\n<p>Mostrando muita confian\u00e7a, Daniel comparou Jones a uma garota de 16 anos de idade e promete dar trabalho ao campe\u00e3o do UFC.<\/p>\n<p>&#8220;Quando eu ou\u00e7o Jon Jones falar, parece uma garota de 16 anos. Eu quero lutar contra ele, independentemente de como ele se sente em rela\u00e7\u00e3o a isso.<\/p>\n<p>E n\u00f3s vamos lutar em p\u00e9 ou no ch\u00e3o, porque eu vou levar ele para baixo.&#8221; disse o lutador ao canal americano Fuel TV.<\/p>\n<p>Cormier enfrenta Roy Nelson no UFC 166 em outubro e ap\u00f3s este combate, o lutador pode descer de peso e tentar desafiar Jones.<\/p>\n","protected":false},"excerpt":{"rendered":"<p>&nbsp; O lutador americano Daniel Cormier, campe\u00e3o peso pesado do extinto evento americano Strikeforce, voltou a falar sobre um poss\u00edvel desafio ao campe\u00e3o meio pesado <a class=\"read-more\" href=\"https:\/\/blogs.gazetaesportiva.com\/planeta-octogono\/2013\/08\/06\/confiante-daniel-cormier-volta-a-desejar-luta-contra-jon-jones-vou-levar-ele-para-baixo\/\">leia mais<\/a><\/p>\n","protected":false},"author":33,"featured_media":0,"comment_status":"open","ping_status":"open","sticky":false,"template":"","format":"standard","meta":{"jetpack_post_was_ever_published":false,"_jetpack_newsletter_access":"","_jetpack_dont_email_post_to_subs":false,"_jetpack_newsletter_tier_id":0,"_jetpack_memberships_contains_paywalled_content":false,"_jetpack_memberships_contains_paid_content":false,"footnotes":"","jetpack_publicize_message":"","jetpack_publicize_feature_enabled":true,"jetpack_social_post_already_shared":false,"jetpack_social_options":{"image_generator_settings":{"template":"highway","default_image_id":0,"font":"","enabled":false},"version":2}},"categories":[1],"tags":[333,85],"class_list":["post-7137","post","type-post","status-publish","format-standard","hentry","category-principal","tag-daniel-cormier","tag-jon-jones"],"jetpack_publicize_connections":[],"jetpack_featured_media_url":"","jetpack_sharing_enabled":true,"jetpack_shortlink":"https:\/\/wp.me\/p6rqUQ-1R7","_links":{"self":[{"href":"https:\/\/blogs.gazetaesportiva.com\/planeta-octogono\/wp-json\/wp\/v2\/posts\/7137","targetHints":{"allow":["GET"]}}],"collection":[{"href":"https:\/\/blogs.gazetaesportiva.com\/planeta-octogono\/wp-json\/wp\/v2\/posts"}],"about":[{"href":"https:\/\/blogs.gazetaesportiva.com\/planeta-octogono\/wp-json\/wp\/v2\/types\/post"}],"author":[{"embeddable":true,"href":"https:\/\/blogs.gazetaesportiva.com\/planeta-octogono\/wp-json\/wp\/v2\/users\/33"}],"replies":[{"embeddable":true,"href":"https:\/\/blogs.gazetaesportiva.com\/planeta-octogono\/wp-json\/wp\/v2\/comments?post=7137"}],"version-history":[{"count":0,"href":"https:\/\/blogs.gazetaesportiva.com\/planeta-octogono\/wp-json\/wp\/v2\/posts\/7137\/revisions"}],"wp:attachment":[{"href":"https:\/\/blogs.gazetaesportiva.com\/planeta-octogono\/wp-json\/wp\/v2\/media?parent=7137"}],"wp:term":[{"taxonomy":"category","embeddable":true,"href":"https:\/\/blogs.gazetaesportiva.com\/planeta-octogono\/wp-json\/wp\/v2\/categories?post=7137"},{"taxonomy":"post_tag","embeddable":true,"href":"https:\/\/blogs.gazetaesportiva.com\/planeta-octogono\/wp-json\/wp\/v2\/tags?post=7137"}],"curies":[{"name":"wp","href":"https:\/\/api.w.org\/{rel}","templated":true}]}}