{"id":7133,"date":"2013-08-06T10:42:59","date_gmt":"2013-08-06T13:42:59","guid":{"rendered":"https:\/\/blogs.gazetaesportiva.com\/planeta-octogono\/?p=7133"},"modified":"2013-08-06T10:42:59","modified_gmt":"2013-08-06T13:42:59","slug":"viscardi-comemora-estreia-com-vitoria-no-ufc-e-dedica-triunfo-ao-treinador-fernando-veras","status":"publish","type":"post","link":"https:\/\/blogs.gazetaesportiva.com\/planeta-octogono\/2013\/08\/06\/viscardi-comemora-estreia-com-vitoria-no-ufc-e-dedica-triunfo-ao-treinador-fernando-veras\/","title":{"rendered":"Viscardi comemora estreia com vit\u00f3ria no UFC e dedica triunfo ao treinador Fernando Veras"},"content":{"rendered":"<figure id=\"attachment_7075\" aria-describedby=\"caption-attachment-7075\" style=\"width: 583px\" class=\"wp-caption aligncenter\"><a href=\"https:\/\/blogs.gazetaesportiva.com\/planeta-octogono\/files\/2013\/08\/1086_03.40.2013_44135_ef_20130803.jpg\"><img loading=\"lazy\" decoding=\"async\" class=\" wp-image-7075    \" alt=\"Viscardi Andrade conquista vit\u00f3ria em estr\u00e9ia com nocaute t\u00e9cnico no UFC - Alexandre Loureiro\/Inovafoto\" src=\"https:\/\/blogs.gazetaesportiva.com\/planeta-octogono\/files\/2013\/08\/1086_03.40.2013_44135_ef_20130803.jpg\" width=\"583\" height=\"388\" \/><\/a><figcaption id=\"caption-attachment-7075\" class=\"wp-caption-text\">Viscardi Andrade conquista vit\u00f3ria em estr\u00e9ia com nocaute t\u00e9cnico no UFC &#8211; Alexandre Loureiro\/Inovafoto<\/figcaption><\/figure>\n<p>&nbsp;<\/p>\n<p>Viscardi Andrade festejou n\u00e3o somente a estreia vitoriosa no UFC, sobre Bristol Marunde, no \u00faltimo s\u00e1bado, no UFC Rio 4, mas tamb\u00e9m uma nova imagem diante dos torcedores brasileiros, que o acompanharam na segunda edi\u00e7\u00e3o do The Ultimate Fighter Brasil. No programa ele saiu como vil\u00e3o, mas, aos poucos, com trabalho e dedica\u00e7\u00e3o, tem mostrado que fora mal interpretado no programa.<\/p>\n<p>Ao fim do duelo contra o americano, Viscardi dedicou a vit\u00f3ria ao treinador Francisco Veras, que sofreu com o falecimento de sua m\u00e3e na \u00faltima quinta-feira. Com a fatalidade \u00e0s v\u00e9speras da luta de Viscardi, Veras n\u00e3o p\u00f4de estar no c\u00f3rner para a estreia do pupilo no maior evento de MMA do mundo.<\/p>\n<p>&#8220;O clima durante a prepara\u00e7\u00e3o para a luta estava sensacional. Est\u00e1vamos num ritmo forte, mas, ao mesmo tempo, descontra\u00eddo. Foi quando recebemos a not\u00edcia de que a m\u00e3e do Veras n\u00e3o estava bem. Quando soube que ela veio a falecer, disse que iria entrar no oct\u00f3gono e dedicar a vit\u00f3ria para ele. Consegui vencer e cumprir minha promessa&#8221;, afirma o atleta.<\/p>\n<p>A atitude de compaix\u00e3o contrasta com a imagem que o atleta ficou no TUF Brasil 2 devido a um desentendimento com Rodrigo Minotauro, que na ocasi\u00e3o era o treinador da equipe advers\u00e1ria. Para Viscardi, a edi\u00e7\u00e3o de imagens acabou atrapalhando-o, mas, com o passar do tempo, ele tem conseguido superar a imagem de vil\u00e3o e j\u00e1 \u00e9 visto como um cara do bem.<\/p>\n<p>&#8220;Sei que na televis\u00e3o \u00e9 assim, acontece de editarem as imagens&#8230; \u00c9 preciso ter sempre um vil\u00e3o nos programas e no TUF acabou sobrando para mim por causa do problema com o Minotauro, que \u00e9 uma lenda do esporte. Eu tamb\u00e9m aprecio muito o que ele j\u00e1 fez no MMA, mas ali n\u00f3s \u00e9ramos rivais. Depois dessa minha esteia no UFC, muitas pessoas vieram falar comigo dizendo que eu n\u00e3o sou aquilo que elas pensavam, que sou um cara do bem. Acho que \u00e9 uma quest\u00e3o de tempo para virar o \u2018mocinho\u2019 para os f\u00e3s&#8221;, brinca.<\/p>\n<p>Na \u00faltima quarta-feira, Viscardi visitou o projeto social Rocinha Jiu-Jitsu, que \u00e9 dedicado a moradores carentes da maior comunidade da Am\u00e9rica Latina, fazendo a alegria da crian\u00e7ada atendida pelo projeto.<\/p>\n<p>Viscardi Andrade precisou apenas de 1m36s para vencer o americano Bristol Marunde no UFC Rio 4. Os dois come\u00e7aram o combate buscando a vit\u00f3ria rapidamente, o que tornou tudo muito intenso. Para o brasileiro, a objetividade de ambos se deu por conta da situa\u00e7\u00e3o pela qual passam no momento.<\/p>\n<p>&#8220;Ele veio para a luta tentando mostrar servi\u00e7o de qualquer maneira porque havia perdido (para o tamb\u00e9m americano Clint Hester) e eu tinha de mostrar o porqu\u00ea de estar pela primeira vez lutando no UFC. Acho que isso foi fundamental para o duelo ter sido t\u00e3o franco. Consegui acertar um belo soco e conquistar a vit\u00f3ria&#8221;, explica.<\/p>\n<p>Embora tenha acabado de lutar recentemente, Viscardi acredita que o fato de ter finalizado o combate em pouco tempo pode lhe proporcionar uma nova apari\u00e7\u00e3o no oct\u00f3gono ainda neste ano.<\/p>\n<p>&#8220;N\u00e3o me falaram nada sobre uma nova luta, mas sei bem como funciona. Como minha luta foi decidida muito rapidamente, \u00e9 prov\u00e1vel que eu volte a lutar em breve, talvez em novembro. Quem sabe? Por isso, daqui a uns dias, j\u00e1 vou voltar a treinar&#8221;, conta Viscardi, que com a vit\u00f3ria sobre Marunde chegou ao s\u00e9timo triunfo seguido.<\/p>\n","protected":false},"excerpt":{"rendered":"<p>&nbsp; Viscardi Andrade festejou n\u00e3o somente a estreia vitoriosa no UFC, sobre Bristol Marunde, no \u00faltimo s\u00e1bado, no UFC Rio 4, mas tamb\u00e9m uma nova <a class=\"read-more\" href=\"https:\/\/blogs.gazetaesportiva.com\/planeta-octogono\/2013\/08\/06\/viscardi-comemora-estreia-com-vitoria-no-ufc-e-dedica-triunfo-ao-treinador-fernando-veras\/\">leia mais<\/a><\/p>\n","protected":false},"author":33,"featured_media":0,"comment_status":"open","ping_status":"open","sticky":false,"template":"","format":"standard","meta":{"jetpack_post_was_ever_published":false,"_jetpack_newsletter_access":"","_jetpack_dont_email_post_to_subs":false,"_jetpack_newsletter_tier_id":0,"_jetpack_memberships_contains_paywalled_content":false,"_jetpack_memberships_contains_paid_content":false,"footnotes":"","jetpack_publicize_message":"","jetpack_publicize_feature_enabled":true,"jetpack_social_post_already_shared":false,"jetpack_social_options":{"image_generator_settings":{"template":"highway","default_image_id":0,"font":"","enabled":false},"version":2}},"categories":[1],"tags":[332,272],"class_list":["post-7133","post","type-post","status-publish","format-standard","hentry","category-principal","tag-francisco-veras","tag-viscardi-andrade"],"jetpack_publicize_connections":[],"jetpack_featured_media_url":"","jetpack_sharing_enabled":true,"jetpack_shortlink":"https:\/\/wp.me\/p6rqUQ-1R3","_links":{"self":[{"href":"https:\/\/blogs.gazetaesportiva.com\/planeta-octogono\/wp-json\/wp\/v2\/posts\/7133","targetHints":{"allow":["GET"]}}],"collection":[{"href":"https:\/\/blogs.gazetaesportiva.com\/planeta-octogono\/wp-json\/wp\/v2\/posts"}],"about":[{"href":"https:\/\/blogs.gazetaesportiva.com\/planeta-octogono\/wp-json\/wp\/v2\/types\/post"}],"author":[{"embeddable":true,"href":"https:\/\/blogs.gazetaesportiva.com\/planeta-octogono\/wp-json\/wp\/v2\/users\/33"}],"replies":[{"embeddable":true,"href":"https:\/\/blogs.gazetaesportiva.com\/planeta-octogono\/wp-json\/wp\/v2\/comments?post=7133"}],"version-history":[{"count":0,"href":"https:\/\/blogs.gazetaesportiva.com\/planeta-octogono\/wp-json\/wp\/v2\/posts\/7133\/revisions"}],"wp:attachment":[{"href":"https:\/\/blogs.gazetaesportiva.com\/planeta-octogono\/wp-json\/wp\/v2\/media?parent=7133"}],"wp:term":[{"taxonomy":"category","embeddable":true,"href":"https:\/\/blogs.gazetaesportiva.com\/planeta-octogono\/wp-json\/wp\/v2\/categories?post=7133"},{"taxonomy":"post_tag","embeddable":true,"href":"https:\/\/blogs.gazetaesportiva.com\/planeta-octogono\/wp-json\/wp\/v2\/tags?post=7133"}],"curies":[{"name":"wp","href":"https:\/\/api.w.org\/{rel}","templated":true}]}}