{"id":7122,"date":"2013-08-05T11:57:34","date_gmt":"2013-08-05T14:57:34","guid":{"rendered":"https:\/\/blogs.gazetaesportiva.com\/planeta-octogono\/?p=7122"},"modified":"2013-08-05T11:57:34","modified_gmt":"2013-08-05T14:57:34","slug":"jose-aldo-e-chan-sung-jung-se-lesionam-apos-combate-no-ufc-163","status":"publish","type":"post","link":"https:\/\/blogs.gazetaesportiva.com\/planeta-octogono\/2013\/08\/05\/jose-aldo-e-chan-sung-jung-se-lesionam-apos-combate-no-ufc-163\/","title":{"rendered":"Jos\u00e9 Aldo e Chan Sung Jung se lesionam ap\u00f3s combate no UFC 163"},"content":{"rendered":"<figure id=\"attachment_7123\" aria-describedby=\"caption-attachment-7123\" style=\"width: 518px\" class=\"wp-caption aligncenter\"><a href=\"https:\/\/blogs.gazetaesportiva.com\/planeta-octogono\/files\/2013\/08\/1086_04.39.2013_44375_ef_20130804.jpg\"><img loading=\"lazy\" decoding=\"async\" class=\" wp-image-7123    \" alt=\"Lutadores de luta principal do UFC 163 se machucam ap\u00f3s combate - Alexandre Loureiro\/Inovafoto\" src=\"https:\/\/blogs.gazetaesportiva.com\/planeta-octogono\/files\/2013\/08\/1086_04.39.2013_44375_ef_20130804.jpg\" width=\"518\" height=\"345\" \/><\/a><figcaption id=\"caption-attachment-7123\" class=\"wp-caption-text\">Lutadores de luta principal do UFC 163 se machucam ap\u00f3s combate &#8211; Alexandre Loureiro\/Inovafoto<\/figcaption><\/figure>\n<p>&nbsp;<\/p>\n<p>Os lutadores do combate principal do UFC 163 n\u00e3o tiveram muita sorte na edi\u00e7\u00e3o.<\/p>\n<p>Tanto Jos\u00e9 Aldo, como o sul coreano Chan Sung Jung, que foi derrotado pelo brasileiro, acabaram saindo lesionados do combate.<\/p>\n<p>Com uma les\u00e3o no p\u00e9 direito ap\u00f3s o primeiro chute, Aldo acabou lutando praticamente o combate inteiro machucado.<\/p>\n<p>Jung que deslocou o ombro ap\u00f3s tentar desferir um soco em Aldo, tamb\u00e9m vai precisar de um bom tempo de recupera\u00e7\u00e3o.<\/p>\n<p>A les\u00e3o de Aldo foi confirmada neste domingo e o lutador deve ficar oito semanas fora dos treinos.<\/p>\n","protected":false},"excerpt":{"rendered":"<p>&nbsp; Os lutadores do combate principal do UFC 163 n\u00e3o tiveram muita sorte na edi\u00e7\u00e3o. Tanto Jos\u00e9 Aldo, como o sul coreano Chan Sung Jung, <a class=\"read-more\" href=\"https:\/\/blogs.gazetaesportiva.com\/planeta-octogono\/2013\/08\/05\/jose-aldo-e-chan-sung-jung-se-lesionam-apos-combate-no-ufc-163\/\">leia mais<\/a><\/p>\n","protected":false},"author":33,"featured_media":7123,"comment_status":"open","ping_status":"open","sticky":false,"template":"","format":"standard","meta":{"jetpack_post_was_ever_published":false,"_jetpack_newsletter_access":"","_jetpack_dont_email_post_to_subs":false,"_jetpack_newsletter_tier_id":0,"_jetpack_memberships_contains_paywalled_content":false,"_jetpack_memberships_contains_paid_content":false,"footnotes":"","jetpack_publicize_message":"","jetpack_publicize_feature_enabled":true,"jetpack_social_post_already_shared":false,"jetpack_social_options":{"image_generator_settings":{"template":"highway","default_image_id":0,"font":"","enabled":false},"version":2}},"categories":[1],"tags":[13,12],"class_list":["post-7122","post","type-post","status-publish","format-standard","has-post-thumbnail","hentry","category-principal","tag-chan-sung-jung","tag-jose-aldo"],"jetpack_publicize_connections":[],"jetpack_featured_media_url":"https:\/\/blogs.gazetaesportiva.com\/planeta-octogono\/files\/2013\/08\/1086_04.39.2013_44375_ef_20130804.jpg","jetpack_sharing_enabled":true,"jetpack_shortlink":"https:\/\/wp.me\/p6rqUQ-1QS","_links":{"self":[{"href":"https:\/\/blogs.gazetaesportiva.com\/planeta-octogono\/wp-json\/wp\/v2\/posts\/7122","targetHints":{"allow":["GET"]}}],"collection":[{"href":"https:\/\/blogs.gazetaesportiva.com\/planeta-octogono\/wp-json\/wp\/v2\/posts"}],"about":[{"href":"https:\/\/blogs.gazetaesportiva.com\/planeta-octogono\/wp-json\/wp\/v2\/types\/post"}],"author":[{"embeddable":true,"href":"https:\/\/blogs.gazetaesportiva.com\/planeta-octogono\/wp-json\/wp\/v2\/users\/33"}],"replies":[{"embeddable":true,"href":"https:\/\/blogs.gazetaesportiva.com\/planeta-octogono\/wp-json\/wp\/v2\/comments?post=7122"}],"version-history":[{"count":0,"href":"https:\/\/blogs.gazetaesportiva.com\/planeta-octogono\/wp-json\/wp\/v2\/posts\/7122\/revisions"}],"wp:featuredmedia":[{"embeddable":true,"href":"https:\/\/blogs.gazetaesportiva.com\/planeta-octogono\/wp-json\/wp\/v2\/media\/7123"}],"wp:attachment":[{"href":"https:\/\/blogs.gazetaesportiva.com\/planeta-octogono\/wp-json\/wp\/v2\/media?parent=7122"}],"wp:term":[{"taxonomy":"category","embeddable":true,"href":"https:\/\/blogs.gazetaesportiva.com\/planeta-octogono\/wp-json\/wp\/v2\/categories?post=7122"},{"taxonomy":"post_tag","embeddable":true,"href":"https:\/\/blogs.gazetaesportiva.com\/planeta-octogono\/wp-json\/wp\/v2\/tags?post=7122"}],"curies":[{"name":"wp","href":"https:\/\/api.w.org\/{rel}","templated":true}]}}