{"id":7117,"date":"2013-08-05T11:41:55","date_gmt":"2013-08-05T14:41:55","guid":{"rendered":"https:\/\/blogs.gazetaesportiva.com\/planeta-octogono\/?p=7117"},"modified":"2013-08-05T11:45:13","modified_gmt":"2013-08-05T14:45:13","slug":"cidade-de-barueri-fica-proxima-de-receber-edicao-do-ufc-em-outubro","status":"publish","type":"post","link":"https:\/\/blogs.gazetaesportiva.com\/planeta-octogono\/2013\/08\/05\/cidade-de-barueri-fica-proxima-de-receber-edicao-do-ufc-em-outubro\/","title":{"rendered":"Cidade de Barueri est\u00e1 pr\u00f3xima de receber edi\u00e7\u00e3o do UFC em outubro"},"content":{"rendered":"<figure id=\"attachment_7118\" aria-describedby=\"caption-attachment-7118\" style=\"width: 640px\" class=\"wp-caption aligncenter\"><a href=\"https:\/\/blogs.gazetaesportiva.com\/planeta-octogono\/files\/2013\/08\/ginasiojosecorrea2.png\"><img loading=\"lazy\" decoding=\"async\" class=\" wp-image-7118 \" alt=\"Gin\u00e1sio Jos\u00e9 Corr\u00eaa est\u00e1 pr\u00f3ximo de receber edi\u00e7\u00e3o do UFC - Divulga\u00e7\u00e3o Gin\u00e1sio Jos\u00e9 Corr\u00eaa.\" src=\"https:\/\/blogs.gazetaesportiva.com\/planeta-octogono\/files\/2013\/08\/ginasiojosecorrea2.png\" width=\"640\" height=\"480\" \/><\/a><figcaption id=\"caption-attachment-7118\" class=\"wp-caption-text\">Gin\u00e1sio Jos\u00e9 Corr\u00eaa est\u00e1 pr\u00f3ximo de receber edi\u00e7\u00e3o do UFC &#8211; Divulga\u00e7\u00e3o Gin\u00e1sio Jos\u00e9 Corr\u00eaa.<\/figcaption><\/figure>\n<p>&nbsp;<\/p>\n<p>A cidade de Barueri, localizada na Grande S\u00e3o Paulo pode receber uma edi\u00e7\u00e3o do UFC em outubro.<\/p>\n<p>A informa\u00e7\u00e3o divulgada pelo site combate.com, confirma que a cidade paulista est\u00e1 pr\u00f3ximo de um acordo com o UFC.<\/p>\n<p>O local de realiza\u00e7\u00e3o do evento ser\u00e1 o Gin\u00e1sio Poliesportivo Jos\u00e9 Corr\u00eaa, com capacidade para 5 mil pessoas \u00e9 usada em jogos de futsal, basquete e voleibol.<\/p>\n<p>O evento ser\u00e1 na data de 9 de outubro, uma quarta feira em uma edi\u00e7\u00e3o da rede de televis\u00e3o americana FOX Sports 1.<\/p>\n<p>Barueri est\u00e1 na disputa juntamente com a cidade de Jaragu\u00e1 do Sul, por\u00e9m por ter sediado uma edi\u00e7\u00e3o do evento em maio, Jaragu\u00e1 pode ser descartada pela organiza\u00e7\u00e3o do Ultimate.<\/p>\n","protected":false},"excerpt":{"rendered":"<p>&nbsp; A cidade de Barueri, localizada na Grande S\u00e3o Paulo pode receber uma edi\u00e7\u00e3o do UFC em outubro. A informa\u00e7\u00e3o divulgada pelo site combate.com, confirma <a class=\"read-more\" href=\"https:\/\/blogs.gazetaesportiva.com\/planeta-octogono\/2013\/08\/05\/cidade-de-barueri-fica-proxima-de-receber-edicao-do-ufc-em-outubro\/\">leia mais<\/a><\/p>\n","protected":false},"author":33,"featured_media":7118,"comment_status":"open","ping_status":"open","sticky":false,"template":"","format":"standard","meta":{"jetpack_post_was_ever_published":false,"_jetpack_newsletter_access":"","_jetpack_dont_email_post_to_subs":false,"_jetpack_newsletter_tier_id":0,"_jetpack_memberships_contains_paywalled_content":false,"_jetpack_memberships_contains_paid_content":false,"footnotes":"","jetpack_publicize_message":"","jetpack_publicize_feature_enabled":true,"jetpack_social_post_already_shared":false,"jetpack_social_options":{"image_generator_settings":{"template":"highway","default_image_id":0,"font":"","enabled":false},"version":2}},"categories":[1],"tags":[107,41],"class_list":["post-7117","post","type-post","status-publish","format-standard","has-post-thumbnail","hentry","category-principal","tag-barueri","tag-ufc"],"jetpack_publicize_connections":[],"jetpack_featured_media_url":"https:\/\/blogs.gazetaesportiva.com\/planeta-octogono\/files\/2013\/08\/ginasiojosecorrea2.png","jetpack_sharing_enabled":true,"jetpack_shortlink":"https:\/\/wp.me\/p6rqUQ-1QN","_links":{"self":[{"href":"https:\/\/blogs.gazetaesportiva.com\/planeta-octogono\/wp-json\/wp\/v2\/posts\/7117","targetHints":{"allow":["GET"]}}],"collection":[{"href":"https:\/\/blogs.gazetaesportiva.com\/planeta-octogono\/wp-json\/wp\/v2\/posts"}],"about":[{"href":"https:\/\/blogs.gazetaesportiva.com\/planeta-octogono\/wp-json\/wp\/v2\/types\/post"}],"author":[{"embeddable":true,"href":"https:\/\/blogs.gazetaesportiva.com\/planeta-octogono\/wp-json\/wp\/v2\/users\/33"}],"replies":[{"embeddable":true,"href":"https:\/\/blogs.gazetaesportiva.com\/planeta-octogono\/wp-json\/wp\/v2\/comments?post=7117"}],"version-history":[{"count":0,"href":"https:\/\/blogs.gazetaesportiva.com\/planeta-octogono\/wp-json\/wp\/v2\/posts\/7117\/revisions"}],"wp:featuredmedia":[{"embeddable":true,"href":"https:\/\/blogs.gazetaesportiva.com\/planeta-octogono\/wp-json\/wp\/v2\/media\/7118"}],"wp:attachment":[{"href":"https:\/\/blogs.gazetaesportiva.com\/planeta-octogono\/wp-json\/wp\/v2\/media?parent=7117"}],"wp:term":[{"taxonomy":"category","embeddable":true,"href":"https:\/\/blogs.gazetaesportiva.com\/planeta-octogono\/wp-json\/wp\/v2\/categories?post=7117"},{"taxonomy":"post_tag","embeddable":true,"href":"https:\/\/blogs.gazetaesportiva.com\/planeta-octogono\/wp-json\/wp\/v2\/tags?post=7117"}],"curies":[{"name":"wp","href":"https:\/\/api.w.org\/{rel}","templated":true}]}}