{"id":7110,"date":"2013-08-04T17:42:48","date_gmt":"2013-08-04T20:42:48","guid":{"rendered":"https:\/\/blogs.gazetaesportiva.com\/planeta-octogono\/?p=7110"},"modified":"2013-08-04T17:45:51","modified_gmt":"2013-08-04T20:45:51","slug":"saulo-cavalari-e-contratado-pelo-glory-e-deve-estrear-em-outubro","status":"publish","type":"post","link":"https:\/\/blogs.gazetaesportiva.com\/planeta-octogono\/2013\/08\/04\/saulo-cavalari-e-contratado-pelo-glory-e-deve-estrear-em-outubro\/","title":{"rendered":"Saulo Cavalari \u00e9 contratado pelo GLORY e deve estrear em outubro"},"content":{"rendered":"<figure id=\"attachment_6964\" aria-describedby=\"caption-attachment-6964\" style=\"width: 600px\" class=\"wp-caption aligncenter\"><a href=\"https:\/\/blogs.gazetaesportiva.com\/planeta-octogono\/files\/2013\/07\/saulocavalari6.jpg\"><img loading=\"lazy\" decoding=\"async\" class=\"size-full wp-image-6964\" alt=\"Saulo Cavalari \u00e9 campe\u00e3o brasileiro do WGP Kickboxing e luta no GLORY - Divulga\u00e7\u00e3o WGP Kickboxing\" src=\"https:\/\/blogs.gazetaesportiva.com\/planeta-octogono\/files\/2013\/07\/saulocavalari6.jpg\" width=\"600\" height=\"600\" \/><\/a><figcaption id=\"caption-attachment-6964\" class=\"wp-caption-text\">Saulo Cavalari \u00e9 campe\u00e3o brasileiro do WGP Kickboxing e luta no GLORY &#8211; Divulga\u00e7\u00e3o WGP Kickboxing<\/figcaption><\/figure>\n<p>&nbsp;<\/p>\n<p>O GLORY, o maior evento de kickboxing do mundo tem mais um brasileiro contratado.<\/p>\n<p>Ap\u00f3s anunciar a contrata\u00e7\u00e3o de Gesias Cavalcante, o peso pesado de 23 anos, o curitibano Saulo Cavalari \u00e9 o mais novo atleta da organiza\u00e7\u00e3o.<\/p>\n<p>Cavalari que foi campe\u00e3o brasileiro neste m\u00eas do WGP Kickboxing, deve fazer sua estr\u00e9ia em outubro.<\/p>\n<p>Saulo j\u00e1 lutou no famoso evento K-1 em Tokyo em 2012 e volta a competir em organiza\u00e7\u00f5es internacionais.<\/p>\n<p>O GLORY anunciou que ir\u00e1 realizar sua edi\u00e7\u00e3o 11 em Chicago no dia 12 de outubro e pode ser que Saulo fa\u00e7a sua estr\u00e9ia no evento.<\/p>\n<p>&nbsp;<\/p>\n<p style=\"text-align: center\"><strong>Conhe\u00e7a Saulo Cavalari:<\/strong><\/p>\n<p style=\"text-align: center\"><strong>[yframe url=&#8217;http:\/\/www.youtube.com\/watch?v=i-w5SJSqFD8&#8242;]<\/strong><\/p>\n<p style=\"text-align: center\"><strong>Conhe\u00e7a o GLORY:<\/strong><\/p>\n<p style=\"text-align: center\"><strong>[yframe url=&#8217;http:\/\/www.youtube.com\/watch?v=qexnQ_HvZ-Q&#8217;]<\/strong><\/p>\n","protected":false},"excerpt":{"rendered":"<p>&nbsp; O GLORY, o maior evento de kickboxing do mundo tem mais um brasileiro contratado. Ap\u00f3s anunciar a contrata\u00e7\u00e3o de Gesias Cavalcante, o peso pesado <a class=\"read-more\" href=\"https:\/\/blogs.gazetaesportiva.com\/planeta-octogono\/2013\/08\/04\/saulo-cavalari-e-contratado-pelo-glory-e-deve-estrear-em-outubro\/\">leia mais<\/a><\/p>\n","protected":false},"author":33,"featured_media":0,"comment_status":"open","ping_status":"open","sticky":false,"template":"","format":"standard","meta":{"jetpack_post_was_ever_published":false,"_jetpack_newsletter_access":"","_jetpack_dont_email_post_to_subs":false,"_jetpack_newsletter_tier_id":0,"_jetpack_memberships_contains_paywalled_content":false,"_jetpack_memberships_contains_paid_content":false,"footnotes":"","jetpack_publicize_message":"","jetpack_publicize_feature_enabled":true,"jetpack_social_post_already_shared":false,"jetpack_social_options":{"image_generator_settings":{"template":"highway","default_image_id":0,"font":"","enabled":false},"version":2}},"categories":[1],"tags":[38,173],"class_list":["post-7110","post","type-post","status-publish","format-standard","hentry","category-principal","tag-glory","tag-saulo-cavalari"],"jetpack_publicize_connections":[],"jetpack_featured_media_url":"","jetpack_sharing_enabled":true,"jetpack_shortlink":"https:\/\/wp.me\/p6rqUQ-1QG","_links":{"self":[{"href":"https:\/\/blogs.gazetaesportiva.com\/planeta-octogono\/wp-json\/wp\/v2\/posts\/7110","targetHints":{"allow":["GET"]}}],"collection":[{"href":"https:\/\/blogs.gazetaesportiva.com\/planeta-octogono\/wp-json\/wp\/v2\/posts"}],"about":[{"href":"https:\/\/blogs.gazetaesportiva.com\/planeta-octogono\/wp-json\/wp\/v2\/types\/post"}],"author":[{"embeddable":true,"href":"https:\/\/blogs.gazetaesportiva.com\/planeta-octogono\/wp-json\/wp\/v2\/users\/33"}],"replies":[{"embeddable":true,"href":"https:\/\/blogs.gazetaesportiva.com\/planeta-octogono\/wp-json\/wp\/v2\/comments?post=7110"}],"version-history":[{"count":0,"href":"https:\/\/blogs.gazetaesportiva.com\/planeta-octogono\/wp-json\/wp\/v2\/posts\/7110\/revisions"}],"wp:attachment":[{"href":"https:\/\/blogs.gazetaesportiva.com\/planeta-octogono\/wp-json\/wp\/v2\/media?parent=7110"}],"wp:term":[{"taxonomy":"category","embeddable":true,"href":"https:\/\/blogs.gazetaesportiva.com\/planeta-octogono\/wp-json\/wp\/v2\/categories?post=7110"},{"taxonomy":"post_tag","embeddable":true,"href":"https:\/\/blogs.gazetaesportiva.com\/planeta-octogono\/wp-json\/wp\/v2\/tags?post=7110"}],"curies":[{"name":"wp","href":"https:\/\/api.w.org\/{rel}","templated":true}]}}