{"id":6505,"date":"2013-06-30T13:26:37","date_gmt":"2013-06-30T16:26:37","guid":{"rendered":"https:\/\/blogs.gazetaesportiva.com\/planeta-octogono\/?p=6505"},"modified":"2013-06-30T13:50:24","modified_gmt":"2013-06-30T16:50:24","slug":"campeao-do-bellator-dudu-dantas-esta-louco-para-voltar-a-lutar-e-treina-pesado-com-estrelas-do-kickboxing-na-holanda","status":"publish","type":"post","link":"https:\/\/blogs.gazetaesportiva.com\/planeta-octogono\/2013\/06\/30\/campeao-do-bellator-dudu-dantas-esta-louco-para-voltar-a-lutar-e-treina-pesado-com-estrelas-do-kickboxing-na-holanda\/","title":{"rendered":"Campe\u00e3o do Bellator, Dudu Dantas est\u00e1 &#8220;louco&#8221; para voltar a lutar e treina pesado com estrelas do kickboxing na Holanda"},"content":{"rendered":"<figure id=\"attachment_6506\" aria-describedby=\"caption-attachment-6506\" style=\"width: 605px\" class=\"wp-caption aligncenter\"><a href=\"https:\/\/blogs.gazetaesportiva.com\/planeta-octogono\/files\/2013\/06\/dududantas-holanda.jpg\"><img loading=\"lazy\" decoding=\"async\" class=\"size-full wp-image-6506  \" src=\"https:\/\/blogs.gazetaesportiva.com\/planeta-octogono\/files\/2013\/06\/dududantas-holanda.jpg\" alt=\"\" width=\"605\" height=\"454\" \/><\/a><figcaption id=\"caption-attachment-6506\" class=\"wp-caption-text\">Lutador fala sobre treinos na Holanda e sobre v\u00e1rios assuntos em entrevista - Divulga\u00e7\u00e3o Talk Sports\/Dudu Dantas <\/figcaption><\/figure>\n<p>O <strong>Planeta Oct\u00f3gono<\/strong> traz uma entrevista exclusiva, direto da Holanda para os f\u00e3s do mundo das lutas.<\/p>\n<p>Parceiro de treinos do campe\u00e3o do UFC, <strong>Jos\u00e9 Aldo<\/strong>, o brasileiro<strong> Eduardo &#8220;Dudu&#8221; Dantas <\/strong>que \u00e9 campe\u00e3o peso galo do segundo maior evento de MMA do mundo, o <strong>Bellator<\/strong> conta como est\u00e1 os treinos na Holanda.<\/p>\n<p>O brasileiro que optou fazer um treinamento de kickboxing para evoluir seu jogo em p\u00e9 com grandes kickboxers como a estrela do GLORY, Gohkan Saki e outros grandes lutadores como Badr Hari e Melvin Manhoef.<\/p>\n<p>Dudu nesta conversa com o blog, falou sobre seu retorno ao Bellator e sobre outros assuntos como o TUF Brasil e o pol\u00eamico tratamento TRT (Terapia de Reposi\u00e7\u00e3o de Testosterona).<\/p>\n<p>Com 24 anos e um cartel de 15 vit\u00f3rias e apenas 3 derrotas, uma das estrelas da equipe carioca Nova Uni\u00e3o, o lutador que se tornou campe\u00e3o do Bellator em 2012 com uma finaliza\u00e7\u00e3o sobre Zach Makovsky, Dudu revela que est\u00e1 louco para lutar novamente.<\/p>\n<p style=\"text-align: center\"><strong>Veja a entrevista de Dudu Dantas na \u00edntegra:<\/strong><\/p>\n<p style=\"text-align: center\">\n<p style=\"text-align: center\"><strong><br \/>\n<\/strong><\/p>\n<div><strong>Planeta Oct\u00f3gono &#8211; <\/strong>Dudu, voc\u00ea est\u00e1 a um bom tempo sem lutar ap\u00f3s seu combate com o Marcos Loro no Bellator, voc\u00ea sente falta de estar lutando com frequ\u00eancia?<\/div>\n<div><\/div>\n<div><\/div>\n<div><strong>Dudu Dantas &#8211;<\/strong> Sinto muito mesmo, estou louco para lutar novamente. Parece que minha pr\u00f3xima defesa de cintur\u00e3o ser\u00e1 em setembro, s\u00f3 estou aguardando o nome do advers\u00e1rio e o \u2018ok\u2019 do Bellator.<\/div>\n<div><\/div>\n<div><\/div>\n<div><strong>Planeta Oct\u00f3gono &#8211; <\/strong>Voc\u00ea est\u00e1 treinando na Holanda com grandes nomes do Kickboxing mundial como Gohkan Saki, Melvin Manhoef juntamente com o famoso treinador Mike Passenier. Como est\u00e3o os treinos e como este per\u00edodo na Holanda vai ajudar a evoluir seu jogo?<\/div>\n<div><\/div>\n<div><\/div>\n<div><strong>Dudu Dantas &#8211; <\/strong>Os treinos est\u00e3o maravilhosos, bem pesados, do jeito que eu gosto. Eu tenho uma batida muito forte de treinos na Nova Uni\u00e3o, ent\u00e3o me adaptei r\u00e1pido. Acredito que j\u00e1 na minha pr\u00f3xima luta estarei ainda<\/div>\n<div>melhor de p\u00e9, trocando golpes com mais facilidade contra meus oponentes. Vim do Jiu-Jitsu da Nova Uni\u00e3o, mas adoro \u2018sair na m\u00e3o\u2019 (risos).<\/div>\n<div><\/div>\n<div><\/div>\n<div><strong>Planeta Oct\u00f3gono &#8211;<\/strong> Muito tem sido falado sobre o TRT (Terapia de reposi\u00e7\u00e3o de testosterona) qual a sua opini\u00e3o sobre o assunto? Voc\u00ea concorda com o uso?<\/div>\n<div><\/div>\n<div><\/div>\n<div><strong>Dudu Dantas <\/strong>&#8211; Acho que ajuda no desempenho de um atleta de alto desempenho como s\u00e3o os lutadores de MMA, mas \u00e9 liberado pela Comiss\u00e3o Atl\u00e9tica. Se \u00e9 liberado pela entidade, quem sou eu para condenar. N\u00e3o julgo ningu\u00e9m. Eu tenho 24 anos ainda e nem penso nisso. Tenho muita lenha para queimar naturalmente (risos).<\/div>\n<div><\/div>\n<div><\/div>\n<div><strong>Planeta Oct\u00f3gono &#8211;<\/strong> Voc\u00ea acompanhou a segunda edi\u00e7\u00e3o do TUF Brasil? O que achou do programa?<\/div>\n<div><\/div>\n<div><\/div>\n<div><strong>Dudu Dantas &#8211; <\/strong>N\u00e3o acompanhei porque era muito tarde, e acordo cedo na segunda para treinar. Fiquei feliz\u00e3o pela conquista do meu amigo L\u00e9o Santos, o cara \u00e9 sinistro mesmo. Ele tem um Jiu-Jitsu animal. Outro que estava na casa e \u00e9 um excelente lutador \u00e9 o Yan Cabral, mas ele acabou se lesionando. O Yan \u00e9 meu parceira\u00e7o, estou na torcida para que ele tenha uma grande chance no UFC.<\/div>\n<div><\/div>\n<div><\/div>\n<div>\n<figure id=\"attachment_3532\" aria-describedby=\"caption-attachment-3532\" style=\"width: 347px\" class=\"wp-caption alignleft\"><a href=\"https:\/\/blogs.gazetaesportiva.com\/planeta-octogono\/files\/2013\/02\/dududantas.jpg\"><img loading=\"lazy\" decoding=\"async\" class=\"size-full wp-image-3532  \" src=\"https:\/\/blogs.gazetaesportiva.com\/planeta-octogono\/files\/2013\/02\/dududantas.jpg\" alt=\"\" width=\"347\" height=\"230\" \/><\/a><figcaption id=\"caption-attachment-3532\" class=\"wp-caption-text\">Brasileiro \u00e9 o campe\u00e3o peso galo do Bellator - Divulga\u00e7\u00e3o Bellator<\/figcaption><\/figure>\n<p><strong>Planeta Oct\u00f3gono &#8211;<\/strong> O Bellator est\u00e1 lan\u00e7ando um novo reality show, chamado Fight Master. Se convidado voc\u00ea gostaria de participar sendo treinador ou coach das equipes?<\/p>\n<\/div>\n<div><strong>Dudu Dant<\/strong><strong>as &#8211; <\/strong>Gostaria muito, mas muito mesmo. Seria uma honra. Certamente escolheria excelentes treinadores para ensinar \u00e0 galera. Sou muito novo, mas j\u00e1 sou bastante experiente. Sou o \u00fanico brasileiro campe\u00e3o do Bellator. Ent\u00e3o acho que eu poderia ensinar muito e aprender bastante tamb\u00e9m com essa experi\u00eancia. Tomara que o Bellator me d\u00ea essa chance na pr\u00f3xima edi\u00e7\u00e3o (risos)<\/div>\n<div><\/div>\n<div><\/div>\n<div><strong>Planeta Oct\u00f3gono &#8211; <\/strong>Voc\u00ea j\u00e1 tem pr\u00f3ximo oponente no Bellator? Ou previs\u00e3o de retorno?<\/div>\n<div><\/div>\n<div><\/div>\n<div><strong>Dudu Dantas &#8211; <\/strong>Ainda n\u00e3o. O advers\u00e1rio sair\u00e1 de um mini GP que ter\u00e1 no peso galo, estou esperando por isso. Como disse anteriormente, estou louco para lutar.<\/div>\n<div>Parece que minha pr\u00f3xima defesa de cintur\u00e3o ser\u00e1 em setembro. Estou sempre pronto para defender meu cintur\u00e3o.<\/div>\n<div><\/div>\n<div><\/div>\n<div><strong>Planeta Oct\u00f3gono &#8211; <\/strong>Com o crescimento do MMA no Brasil, como voc\u00ea tem visto o n\u00edvel dos lutadores do MMA nacional?<\/div>\n<div><\/div>\n<div><\/div>\n<div><strong>Dudu Dantas &#8211; <\/strong>Ainda tem muita gente boa lutando no Brasil. Ali\u00e1s, sempre ter\u00e1, porque o pa\u00eds \u00e9 um celeiro de grandes atletas em todos os esportes. Acho que o brasileiro nasceu para ser desportista. Acompanho muito o MMA nacional, principalmente o Shooto Brasil, e sempre vejo boas lutas e bons lutadores.<\/div>\n<div><\/div>\n<div><\/div>\n<div><strong>Planeta Oct\u00f3gono &#8211; <\/strong>Se puder, deixe um recado aos seus f\u00e3s e aos f\u00e3s do esporte&#8230;<\/div>\n<div><\/div>\n<div><\/div>\n<div><strong>Dudu Dantas &#8211; <\/strong>Quero deixar um grande abra\u00e7o para todos os leitores do site, a voc\u00ea Bruno que sempre abriu espa\u00e7o para o esporte e pedir sempre a torcida de voc\u00eas quando eu subir no Cage do Bellator para defender esse t\u00edtulo. Ele \u00e9 nosso, voc\u00eas f\u00e3s fazem parte disso! Obrigado&#8230;<\/div>\n<div style=\"text-align: center\"><\/div>\n<div style=\"text-align: center\"><\/div>\n<div style=\"text-align: center\"><strong>Conhe\u00e7a o Campe\u00e3o Peso Galo do Bellator, Eduardo Dantas:<\/strong><\/div>\n<div style=\"text-align: center\"><\/div>\n<div style=\"text-align: center\"><\/div>\n<div style=\"text-align: center\"><strong>[yframe url=&#8217;http:\/\/www.youtube.com\/watch?v=xVKl2bKBObM&#8217;]<\/strong><\/div>\n<div style=\"text-align: center\"><\/div>\n<div style=\"text-align: center\"><\/div>\n<div style=\"text-align: center\"><strong>Veja a conquista do cintur\u00e3o de Dudu Dantas no Bellator:<\/strong><\/div>\n<div style=\"text-align: center\"><\/div>\n<div style=\"text-align: center\"><\/div>\n<div style=\"text-align: center\"><strong>[yframe url=&#8217;http:\/\/www.youtube.com\/watch?v=Y9ZM8B8wh6c&#8217;]<\/strong><\/div>\n","protected":false},"excerpt":{"rendered":"<p>O Planeta Oct\u00f3gono traz uma entrevista exclusiva, direto da Holanda para os f\u00e3s do mundo das lutas. Parceiro de treinos do campe\u00e3o do UFC, Jos\u00e9 <a class=\"read-more\" href=\"https:\/\/blogs.gazetaesportiva.com\/planeta-octogono\/2013\/06\/30\/campeao-do-bellator-dudu-dantas-esta-louco-para-voltar-a-lutar-e-treina-pesado-com-estrelas-do-kickboxing-na-holanda\/\">leia mais<\/a><\/p>\n","protected":false},"author":33,"featured_media":6506,"comment_status":"open","ping_status":"open","sticky":false,"template":"","format":"standard","meta":{"jetpack_post_was_ever_published":false,"_jetpack_newsletter_access":"","_jetpack_dont_email_post_to_subs":false,"_jetpack_newsletter_tier_id":0,"_jetpack_memberships_contains_paywalled_content":false,"_jetpack_memberships_contains_paid_content":false,"footnotes":"","jetpack_publicize_message":"","jetpack_publicize_feature_enabled":true,"jetpack_social_post_already_shared":false,"jetpack_social_options":{"image_generator_settings":{"template":"highway","default_image_id":0,"font":"","enabled":false},"version":2}},"categories":[1],"tags":[61,39,58,57,38,60,12,59,62,16,63],"class_list":["post-6505","post","type-post","status-publish","format-standard","has-post-thumbnail","hentry","category-principal","tag-badr-hari","tag-bellator","tag-dudu-dantas","tag-eduardo-dantas","tag-glory","tag-gohkan-saki","tag-jose-aldo","tag-kickboxing","tag-melvin-manhoef","tag-nova-uniao","tag-tuf-brasil"],"jetpack_publicize_connections":[],"jetpack_featured_media_url":"https:\/\/blogs.gazetaesportiva.com\/planeta-octogono\/files\/2013\/06\/dududantas-holanda.jpg","jetpack_sharing_enabled":true,"jetpack_shortlink":"https:\/\/wp.me\/p6rqUQ-1GV","_links":{"self":[{"href":"https:\/\/blogs.gazetaesportiva.com\/planeta-octogono\/wp-json\/wp\/v2\/posts\/6505","targetHints":{"allow":["GET"]}}],"collection":[{"href":"https:\/\/blogs.gazetaesportiva.com\/planeta-octogono\/wp-json\/wp\/v2\/posts"}],"about":[{"href":"https:\/\/blogs.gazetaesportiva.com\/planeta-octogono\/wp-json\/wp\/v2\/types\/post"}],"author":[{"embeddable":true,"href":"https:\/\/blogs.gazetaesportiva.com\/planeta-octogono\/wp-json\/wp\/v2\/users\/33"}],"replies":[{"embeddable":true,"href":"https:\/\/blogs.gazetaesportiva.com\/planeta-octogono\/wp-json\/wp\/v2\/comments?post=6505"}],"version-history":[{"count":0,"href":"https:\/\/blogs.gazetaesportiva.com\/planeta-octogono\/wp-json\/wp\/v2\/posts\/6505\/revisions"}],"wp:featuredmedia":[{"embeddable":true,"href":"https:\/\/blogs.gazetaesportiva.com\/planeta-octogono\/wp-json\/wp\/v2\/media\/6506"}],"wp:attachment":[{"href":"https:\/\/blogs.gazetaesportiva.com\/planeta-octogono\/wp-json\/wp\/v2\/media?parent=6505"}],"wp:term":[{"taxonomy":"category","embeddable":true,"href":"https:\/\/blogs.gazetaesportiva.com\/planeta-octogono\/wp-json\/wp\/v2\/categories?post=6505"},{"taxonomy":"post_tag","embeddable":true,"href":"https:\/\/blogs.gazetaesportiva.com\/planeta-octogono\/wp-json\/wp\/v2\/tags?post=6505"}],"curies":[{"name":"wp","href":"https:\/\/api.w.org\/{rel}","templated":true}]}}