{"id":6006,"date":"2013-06-06T13:35:40","date_gmt":"2013-06-06T16:35:40","guid":{"rendered":"https:\/\/blogs.gazetaesportiva.com\/planeta-octogono\/?p=6006"},"modified":"2013-06-06T13:36:04","modified_gmt":"2013-06-06T16:36:04","slug":"round-extra-chris-weidman-cogita-lutar-no-meio-pesado-rafael-feijao-pronto-para-o-tuf-brasil-2-finale-trailer-do-wsof-3","status":"publish","type":"post","link":"https:\/\/blogs.gazetaesportiva.com\/planeta-octogono\/2013\/06\/06\/round-extra-chris-weidman-cogita-lutar-no-meio-pesado-rafael-feijao-pronto-para-o-tuf-brasil-2-finale-trailer-do-wsof-3\/","title":{"rendered":"Round Extra &#8211; Chris Weidman cogita lutar no meio pesado &#8211; Rafael Feij\u00e3o pronto para o TUF Brasil 2 Finale &#8211; Trailer do WSOF 3"},"content":{"rendered":"<figure id=\"attachment_3385\" aria-describedby=\"caption-attachment-3385\" style=\"width: 500px\" class=\"wp-caption aligncenter\"><a href=\"https:\/\/blogs.gazetaesportiva.com\/planeta-octogono\/files\/2013\/02\/ChrisWeidman_Headshot2012.png\"><img loading=\"lazy\" decoding=\"async\" class=\"size-full wp-image-3385\" src=\"https:\/\/blogs.gazetaesportiva.com\/planeta-octogono\/files\/2013\/02\/ChrisWeidman_Headshot2012.png\" alt=\"\" width=\"500\" height=\"325\" \/><\/a><figcaption id=\"caption-attachment-3385\" class=\"wp-caption-text\">Americano enfrenta Anderson Silva em julho - Divulga\u00e7\u00e3o UFC<\/figcaption><\/figure>\n<p>O lutador americano Chris Weidman que enfrenta o brasileiro Anderson Silva no UFC 162 em julho, cogitou fazer lutas no peso meio pesado.<\/p>\n<p>Em entrevista ao site americano Bloody Elbow, Weidman mostrou confian\u00e7a e explicou que pode tamb\u00e9m lutar no peso acima de sua categoria de m\u00e9dios.<\/p>\n<p>&#8220;Eu quero continuar lutando no 84 kg e conquistar o cintur\u00e3o l\u00e1 primeiro. Se os f\u00e3s e o UFC quiser que eu suba, eu poderia fazer isso, mas eu consigo bater 84 kg muito f\u00e1cil.<\/p>\n<p>Estou com 92 kg \u00a0agora, o que \u00e9 realmente muito leve para um monte de pesos m\u00e9dios. Eu acho que definitivamente poderia ser um 93 kg tamb\u00e9m.<\/p>\n<p>O que os f\u00e3s e UFC quiser, mas agora, meu foco \u00e9 em m\u00e9dios e Anderson Silva.&#8221; disse o lutador.<\/p>\n<p>O combate contra Anderson Silva acontece dia 6 de julho em Las Vegas.<\/p>\n<p><strong>Pronto, Rafael Feij\u00e3o comenta sobre desafio e estr\u00e9ia contra Thiago Silva no UFC<\/strong><\/p>\n<figure id=\"attachment_6008\" aria-describedby=\"caption-attachment-6008\" style=\"width: 346px\" class=\"wp-caption alignleft\"><a href=\"https:\/\/blogs.gazetaesportiva.com\/planeta-octogono\/files\/2013\/06\/Rafael_feijao_Cavalcante_Mad_Media.jpg\"><img loading=\"lazy\" decoding=\"async\" class=\"size-full wp-image-6008   \" src=\"https:\/\/blogs.gazetaesportiva.com\/planeta-octogono\/files\/2013\/06\/Rafael_feijao_Cavalcante_Mad_Media.jpg\" alt=\"\" width=\"346\" height=\"226\" \/><\/a><figcaption id=\"caption-attachment-6008\" class=\"wp-caption-text\">Rafael conta sua prepara\u00e7\u00e3o para duelo brasileiro no UFC - Arquivo Pessoal<\/figcaption><\/figure>\n<p>O lutador Rafael Feij\u00e3o contou em entrevista a rep\u00f3rter do UFC, Paula Sack, como andam os treinos para o combate contra o compatriota Thiago Silva.<\/p>\n<p>Treinando com feras como Rodrigo Minotauro, Anderson Braddock, Anderson Silva e muitos outros, Feij\u00e3o est\u00e1 pronto para o desafio.<\/p>\n<p>O lutador contou tamb\u00e9m como est\u00e1 sua ansiedade para estrear no maior evento do mundo.<\/p>\n<p>Feij\u00e3o que \u00e9 ex campe\u00e3o do extinto Strikeforce luta neste s\u00e1bado em Fortaleza no TUF Brasil 2 Finale.<\/p>\n<p style=\"text-align: center\"><strong><br \/>\n<\/strong><\/p>\n<p style=\"text-align: center\"><strong>Veja a entrevista de Rafael Feij\u00e3o na \u00edntegra:<\/strong><\/p>\n<p style=\"text-align: center\"><strong>[yframe url=&#8217;http:\/\/www.youtube.com\/watch?v=ficgYDyLi6A&#8217;]<\/strong><\/p>\n<p style=\"text-align: center\">\n<p style=\"text-align: left\"><strong>Veja o trailer do WSOF 3 que acontece em junho<\/strong><\/p>\n<p style=\"text-align: left\">\n<p style=\"text-align: left\">\n<figure id=\"attachment_6007\" aria-describedby=\"caption-attachment-6007\" style=\"width: 176px\" class=\"wp-caption alignright\"><a href=\"https:\/\/blogs.gazetaesportiva.com\/planeta-octogono\/files\/2013\/06\/wsof3.png\"><img loading=\"lazy\" decoding=\"async\" class=\"size-full wp-image-6007   \" src=\"https:\/\/blogs.gazetaesportiva.com\/planeta-octogono\/files\/2013\/06\/wsof3.png\" alt=\"\" width=\"176\" height=\"261\" \/><\/a><figcaption id=\"caption-attachment-6007\" class=\"wp-caption-text\">WSOF realiza terceira edi\u00e7\u00e3o neste m\u00eas - Divulga\u00e7\u00e3o WSOF<\/figcaption><\/figure>\n<p>O evento americano World Series of Fighting (WSOF) divulgou seu trailer de sua terceira edi\u00e7\u00e3o que acontece no dia 14 de junho.<\/p>\n<p style=\"text-align: left\">Contando com nomes como os ex lutadores do UFC, Jon Fitch e Josh Burkman, o evento teria a participa\u00e7\u00e3o de Rolles Gracie no card.<\/p>\n<p style=\"text-align: left\">Por\u00e9m uma les\u00e3o tirou o lutador brasileiro do evento.<\/p>\n<p style=\"text-align: left\">\n<p style=\"text-align: center\"><strong>Assista o trailer do WSOF 3:<\/strong><\/p>\n<p style=\"text-align: center\"><strong>[yframe url=&#8217;http:\/\/www.youtube.com\/watch?v=oIOE24s1Px4&#8242;]<\/strong><\/p>\n<p style=\"text-align: center\">\n<p style=\"text-align: center\"><strong> <\/strong><\/p>\n<div style=\"text-align: center\"><strong>Siga nosso Physicbook &#8211; \u00a0http:\/\/www.physicbook.com\/social\/grupos\/518a59c09838c\/<\/strong><\/div>\n<div style=\"text-align: center\"><strong><br \/>\n<\/strong><\/div>\n<div style=\"text-align: center\"><strong>Siga nosso Twitter &#8211; www.twitter.com\/BrMassami<\/strong><\/div>\n<div style=\"text-align: center\"><strong><br \/>\n<\/strong><\/div>\n<div style=\"text-align: center\"><strong>Siga nosso Facebook \u00a0&#8211; http:\/\/www.facebook.com\/PlanetaOctogono<\/strong><\/div>\n","protected":false},"excerpt":{"rendered":"<p>O lutador americano Chris Weidman que enfrenta o brasileiro Anderson Silva no UFC 162 em julho, cogitou fazer lutas no peso meio pesado. Em entrevista <a class=\"read-more\" href=\"https:\/\/blogs.gazetaesportiva.com\/planeta-octogono\/2013\/06\/06\/round-extra-chris-weidman-cogita-lutar-no-meio-pesado-rafael-feijao-pronto-para-o-tuf-brasil-2-finale-trailer-do-wsof-3\/\">leia mais<\/a><\/p>\n","protected":false},"author":33,"featured_media":6008,"comment_status":"open","ping_status":"open","sticky":false,"template":"","format":"standard","meta":{"jetpack_post_was_ever_published":false,"_jetpack_newsletter_access":"","_jetpack_dont_email_post_to_subs":false,"_jetpack_newsletter_tier_id":0,"_jetpack_memberships_contains_paywalled_content":false,"_jetpack_memberships_contains_paid_content":false,"footnotes":"","jetpack_publicize_message":"","jetpack_publicize_feature_enabled":true,"jetpack_social_post_already_shared":false,"jetpack_social_options":{"image_generator_settings":{"template":"highway","default_image_id":0,"font":"","enabled":false},"version":2}},"categories":[1],"tags":[],"class_list":["post-6006","post","type-post","status-publish","format-standard","has-post-thumbnail","hentry","category-principal"],"jetpack_publicize_connections":[],"jetpack_featured_media_url":"https:\/\/blogs.gazetaesportiva.com\/planeta-octogono\/files\/2013\/06\/Rafael_feijao_Cavalcante_Mad_Media.jpg","jetpack_sharing_enabled":true,"jetpack_shortlink":"https:\/\/wp.me\/p6rqUQ-1yS","_links":{"self":[{"href":"https:\/\/blogs.gazetaesportiva.com\/planeta-octogono\/wp-json\/wp\/v2\/posts\/6006","targetHints":{"allow":["GET"]}}],"collection":[{"href":"https:\/\/blogs.gazetaesportiva.com\/planeta-octogono\/wp-json\/wp\/v2\/posts"}],"about":[{"href":"https:\/\/blogs.gazetaesportiva.com\/planeta-octogono\/wp-json\/wp\/v2\/types\/post"}],"author":[{"embeddable":true,"href":"https:\/\/blogs.gazetaesportiva.com\/planeta-octogono\/wp-json\/wp\/v2\/users\/33"}],"replies":[{"embeddable":true,"href":"https:\/\/blogs.gazetaesportiva.com\/planeta-octogono\/wp-json\/wp\/v2\/comments?post=6006"}],"version-history":[{"count":0,"href":"https:\/\/blogs.gazetaesportiva.com\/planeta-octogono\/wp-json\/wp\/v2\/posts\/6006\/revisions"}],"wp:featuredmedia":[{"embeddable":true,"href":"https:\/\/blogs.gazetaesportiva.com\/planeta-octogono\/wp-json\/wp\/v2\/media\/6008"}],"wp:attachment":[{"href":"https:\/\/blogs.gazetaesportiva.com\/planeta-octogono\/wp-json\/wp\/v2\/media?parent=6006"}],"wp:term":[{"taxonomy":"category","embeddable":true,"href":"https:\/\/blogs.gazetaesportiva.com\/planeta-octogono\/wp-json\/wp\/v2\/categories?post=6006"},{"taxonomy":"post_tag","embeddable":true,"href":"https:\/\/blogs.gazetaesportiva.com\/planeta-octogono\/wp-json\/wp\/v2\/tags?post=6006"}],"curies":[{"name":"wp","href":"https:\/\/api.w.org\/{rel}","templated":true}]}}