{"id":6000,"date":"2013-06-06T12:45:38","date_gmt":"2013-06-06T15:45:38","guid":{"rendered":"https:\/\/blogs.gazetaesportiva.com\/planeta-octogono\/?p=6000"},"modified":"2013-06-06T12:45:38","modified_gmt":"2013-06-06T15:45:38","slug":"khalidov-pudzian-manhoef-e-luiz-cado-no-peso-para-edicao-do-ksw-23","status":"publish","type":"post","link":"https:\/\/blogs.gazetaesportiva.com\/planeta-octogono\/2013\/06\/06\/khalidov-pudzian-manhoef-e-luiz-cado-no-peso-para-edicao-do-ksw-23\/","title":{"rendered":"Khalidov, Pudzian, Manhoef e Luiz Cado no peso para edi\u00e7\u00e3o do KSW 23"},"content":{"rendered":"<figure id=\"attachment_6001\" aria-describedby=\"caption-attachment-6001\" style=\"width: 576px\" class=\"wp-caption aligncenter\"><a href=\"https:\/\/blogs.gazetaesportiva.com\/planeta-octogono\/files\/2013\/06\/cado5.jpg\"><img loading=\"lazy\" decoding=\"async\" class=\"size-full wp-image-6001 \" src=\"https:\/\/blogs.gazetaesportiva.com\/planeta-octogono\/files\/2013\/06\/cado5.jpg\" alt=\"\" width=\"576\" height=\"384\" \/><\/a><figcaption id=\"caption-attachment-6001\" class=\"wp-caption-text\">Luiz Cado (esquerda) enfrenta polon\u00eas em edi\u00e7\u00e3o do KSW na Pol\u00f4nia - Divulga\u00e7\u00e3o KSW<\/figcaption><\/figure>\n<figure id=\"attachment_6002\" aria-describedby=\"caption-attachment-6002\" style=\"width: 277px\" class=\"wp-caption alignleft\"><a href=\"https:\/\/blogs.gazetaesportiva.com\/planeta-octogono\/files\/2013\/06\/8858_495436913845139_786417805_n.jpg\"><img loading=\"lazy\" decoding=\"async\" class=\"size-full wp-image-6002   \" src=\"https:\/\/blogs.gazetaesportiva.com\/planeta-octogono\/files\/2013\/06\/8858_495436913845139_786417805_n.jpg\" alt=\"\" width=\"277\" height=\"184\" \/><\/a><figcaption id=\"caption-attachment-6002\" class=\"wp-caption-text\">Mamed Khalidov e Melvin Manhoef se enfrentam neste s\u00e1bado - Divulga\u00e7\u00e3o KSW<\/figcaption><\/figure>\n<p>Nesta quinta feira aconteceu a pesagem oficial do KSW 23, um dos maiores eventos de MMA da Europa que ir\u00e1 acontecer neste s\u00e1bado na Pol\u00f4nia.<\/p>\n<p>Contando com grandes nomes do MMA como Mamed Khalidov, Melvin Manhoef, Kendall Grove, o evento agitou a cidade de Gdansk.<\/p>\n<p>Com todos os lutadores batendo o peso no evento, a edi\u00e7\u00e3o ter\u00e1 duas disputas de cintur\u00e3o.<\/p>\n<p>Michal Materla enfrenta Kendall Grove disputando o cintur\u00e3o dos m\u00e9dios do evento.<\/p>\n<figure id=\"attachment_6003\" aria-describedby=\"caption-attachment-6003\" style=\"width: 277px\" class=\"wp-caption alignright\"><a href=\"https:\/\/blogs.gazetaesportiva.com\/planeta-octogono\/files\/2013\/06\/8756_495434863845344_1982671109_n.jpg\"><img loading=\"lazy\" decoding=\"async\" class=\"size-full wp-image-6003   \" src=\"https:\/\/blogs.gazetaesportiva.com\/planeta-octogono\/files\/2013\/06\/8756_495434863845344_1982671109_n.jpg\" alt=\"\" width=\"277\" height=\"184\" \/><\/a><figcaption id=\"caption-attachment-6003\" class=\"wp-caption-text\">Karolina (direita) e Marta disputam cintur\u00e3o feminino do evento - Divulga\u00e7\u00e3o KSW<\/figcaption><\/figure>\n<p>E Karolina Kowalkiewcz enfrenta Marta Chojnoska na primeira disputa de cintur\u00e3o feminina do evento.<\/p>\n<p>O brasileiro Luiz &#8220;Cado&#8221; Ricardo Simon bateu o peso e faz sua estr\u00e9ia no evento polon\u00eas contra o lutador local Mateusz Pistorsz.<\/p>\n<p>O combate entre Mamed Khalidov e Melvin Manhoef n\u00e3o ser\u00e1 valendo cintur\u00e3o.<\/p>\n<p>Os lutadores entraram em acordo para o combate em peso intermedi\u00e1rio.<\/p>\n<p style=\"text-align: center\"><strong>Veja os melhores momentos da pesagem e os treinos abertos do KSW 23: <\/strong><\/p>\n<p style=\"text-align: center\"><strong>[yframe url=&#8217;http:\/\/www.youtube.com\/watch?v=dbezBcx-KeA&#8217;]<\/strong><\/p>\n<p style=\"text-align: center\">\n<p style=\"text-align: center\"><strong>Veja o trailer extendido do KSW 23:<\/strong><\/p>\n<p style=\"text-align: center\"><strong>[yframe url=&#8217;http:\/\/www.youtube.com\/watch?v=nFrCfpcrrpI&#8217;]<\/strong><\/p>\n<p style=\"text-align: center\">\n<p style=\"text-align: center\">\n<div style=\"text-align: center\"><strong>Siga nosso Physicbook &#8211; \u00a0http:\/\/www.physicbook.com\/social\/grupos\/518a59c09838c\/<\/strong><\/div>\n<div style=\"text-align: center\"><strong><br \/>\n<\/strong><\/div>\n<div style=\"text-align: center\"><strong>Siga nosso Twitter &#8211; www.twitter.com\/BrMassami<\/strong><\/div>\n<div style=\"text-align: center\"><strong><br \/>\n<\/strong><\/div>\n<div style=\"text-align: center\"><strong>Siga nosso Facebook \u00a0&#8211; http:\/\/www.facebook.com\/PlanetaOctogono<\/strong><\/div>\n","protected":false},"excerpt":{"rendered":"<p>Nesta quinta feira aconteceu a pesagem oficial do KSW 23, um dos maiores eventos de MMA da Europa que ir\u00e1 acontecer neste s\u00e1bado na Pol\u00f4nia. <a class=\"read-more\" href=\"https:\/\/blogs.gazetaesportiva.com\/planeta-octogono\/2013\/06\/06\/khalidov-pudzian-manhoef-e-luiz-cado-no-peso-para-edicao-do-ksw-23\/\">leia mais<\/a><\/p>\n","protected":false},"author":33,"featured_media":6003,"comment_status":"open","ping_status":"open","sticky":false,"template":"","format":"standard","meta":{"jetpack_post_was_ever_published":false,"_jetpack_newsletter_access":"","_jetpack_dont_email_post_to_subs":false,"_jetpack_newsletter_tier_id":0,"_jetpack_memberships_contains_paywalled_content":false,"_jetpack_memberships_contains_paid_content":false,"footnotes":"","jetpack_publicize_message":"","jetpack_publicize_feature_enabled":true,"jetpack_social_post_already_shared":false,"jetpack_social_options":{"image_generator_settings":{"template":"highway","default_image_id":0,"font":"","enabled":false},"version":2}},"categories":[1],"tags":[],"class_list":["post-6000","post","type-post","status-publish","format-standard","has-post-thumbnail","hentry","category-principal"],"jetpack_publicize_connections":[],"jetpack_featured_media_url":"https:\/\/blogs.gazetaesportiva.com\/planeta-octogono\/files\/2013\/06\/8756_495434863845344_1982671109_n.jpg","jetpack_sharing_enabled":true,"jetpack_shortlink":"https:\/\/wp.me\/p6rqUQ-1yM","_links":{"self":[{"href":"https:\/\/blogs.gazetaesportiva.com\/planeta-octogono\/wp-json\/wp\/v2\/posts\/6000","targetHints":{"allow":["GET"]}}],"collection":[{"href":"https:\/\/blogs.gazetaesportiva.com\/planeta-octogono\/wp-json\/wp\/v2\/posts"}],"about":[{"href":"https:\/\/blogs.gazetaesportiva.com\/planeta-octogono\/wp-json\/wp\/v2\/types\/post"}],"author":[{"embeddable":true,"href":"https:\/\/blogs.gazetaesportiva.com\/planeta-octogono\/wp-json\/wp\/v2\/users\/33"}],"replies":[{"embeddable":true,"href":"https:\/\/blogs.gazetaesportiva.com\/planeta-octogono\/wp-json\/wp\/v2\/comments?post=6000"}],"version-history":[{"count":0,"href":"https:\/\/blogs.gazetaesportiva.com\/planeta-octogono\/wp-json\/wp\/v2\/posts\/6000\/revisions"}],"wp:featuredmedia":[{"embeddable":true,"href":"https:\/\/blogs.gazetaesportiva.com\/planeta-octogono\/wp-json\/wp\/v2\/media\/6003"}],"wp:attachment":[{"href":"https:\/\/blogs.gazetaesportiva.com\/planeta-octogono\/wp-json\/wp\/v2\/media?parent=6000"}],"wp:term":[{"taxonomy":"category","embeddable":true,"href":"https:\/\/blogs.gazetaesportiva.com\/planeta-octogono\/wp-json\/wp\/v2\/categories?post=6000"},{"taxonomy":"post_tag","embeddable":true,"href":"https:\/\/blogs.gazetaesportiva.com\/planeta-octogono\/wp-json\/wp\/v2\/tags?post=6000"}],"curies":[{"name":"wp","href":"https:\/\/api.w.org\/{rel}","templated":true}]}}