{"id":5991,"date":"2013-06-06T11:39:50","date_gmt":"2013-06-06T14:39:50","guid":{"rendered":"https:\/\/blogs.gazetaesportiva.com\/planeta-octogono\/?p=5991"},"modified":"2013-06-06T11:46:25","modified_gmt":"2013-06-06T14:46:25","slug":"thiago-silva-faz-criticas-e-manda-recado-para-rafael-feijao-vou-acertar-as-contas-com-ele-no-cage","status":"publish","type":"post","link":"https:\/\/blogs.gazetaesportiva.com\/planeta-octogono\/2013\/06\/06\/thiago-silva-faz-criticas-e-manda-recado-para-rafael-feijao-vou-acertar-as-contas-com-ele-no-cage\/","title":{"rendered":"Thiago Silva faz cr\u00edticas e manda recado para Rafael Feij\u00e3o: Vou acertar as contas com ele no cage!"},"content":{"rendered":"<figure id=\"attachment_1734\" aria-describedby=\"caption-attachment-1734\" style=\"width: 500px\" class=\"wp-caption aligncenter\"><a href=\"https:\/\/blogs.gazetaesportiva.com\/planeta-octogono\/files\/2012\/11\/ThiagoSilva_Headshot.png\"><img loading=\"lazy\" decoding=\"async\" class=\"size-full wp-image-1734\" src=\"https:\/\/blogs.gazetaesportiva.com\/planeta-octogono\/files\/2012\/11\/ThiagoSilva_Headshot.png\" alt=\"\" width=\"500\" height=\"325\" \/><\/a><figcaption id=\"caption-attachment-1734\" class=\"wp-caption-text\">Thiago Silva encara compatriota no evento - Divulga\u00e7\u00e3o UFC<\/figcaption><\/figure>\n<p>O brasileiro Thiago Silva que enfrenta o compatriota Rafael Feij\u00e3o no TUF Brasil Finale 2 neste s\u00e1bado, fez cr\u00edticas ao oponente.<\/p>\n<p>Em v\u00eddeo divulgado pelo UFC, o lutador quer resolver seus problemas com Rafael dentro do oct\u00f3gono e mandou um recado contundente ao lutador.<\/p>\n<p>&#8220;Minha pr\u00f3xima luta \u00e9 com o Rafael Feij\u00e3o promete ser uma luta boa, ele \u00e9 muito duro.<\/p>\n<p>Mas n\u00e3o respeito ele n\u00e3o, ele est\u00e1 falando muita bobagem.<\/p>\n<p>Se sente um ator de Hollywood e vou acertar minhas contas com ele no cage. Pode esperar seu vagabundo.&#8221; disse o lutador provocando o advers\u00e1rio.<\/p>\n<p>O combate \u00e9 uma das lutas mais aguardadas do evento que acontece neste s\u00e1bado.<\/p>\n<p>O TUF Brasil 2 Finale ser\u00e1 transmitido na Rede Globo de Televis\u00e3o, \u00e1s 22 e 50 da noite, ap\u00f3s o programa Zorra Total com as duas principais lutas ao vivo.<\/p>\n<p style=\"text-align: center\"><strong>Veja a declara\u00e7\u00e3o de Thiago Silva na \u00edntegra &#8211; <a href=\"http:\/\/telly.com\/RUEANJ?campaign=&amp;fb_landing=1#_=_\">Clique Aqui<\/a><\/strong><\/p>\n<p style=\"text-align: center\">\n<div style=\"text-align: center\"><strong>Siga nosso Physicbook &#8211; \u00a0http:\/\/www.physicbook.com\/social\/grupos\/518a59c09838c\/<\/strong><\/div>\n<div style=\"text-align: center\"><strong><br \/>\n<\/strong><\/div>\n<div style=\"text-align: center\"><strong>Siga nosso Twitter &#8211; www.twitter.com\/BrMassami<\/strong><\/div>\n<div style=\"text-align: center\"><strong><br \/>\n<\/strong><\/div>\n<div style=\"text-align: center\"><strong>Siga nosso Facebook \u00a0&#8211; http:\/\/www.facebook.com\/PlanetaOctogono<\/strong><\/div>\n","protected":false},"excerpt":{"rendered":"<p>O brasileiro Thiago Silva que enfrenta o compatriota Rafael Feij\u00e3o no TUF Brasil Finale 2 neste s\u00e1bado, fez cr\u00edticas ao oponente. Em v\u00eddeo divulgado pelo <a class=\"read-more\" href=\"https:\/\/blogs.gazetaesportiva.com\/planeta-octogono\/2013\/06\/06\/thiago-silva-faz-criticas-e-manda-recado-para-rafael-feijao-vou-acertar-as-contas-com-ele-no-cage\/\">leia mais<\/a><\/p>\n","protected":false},"author":33,"featured_media":0,"comment_status":"open","ping_status":"open","sticky":false,"template":"","format":"standard","meta":{"jetpack_post_was_ever_published":false,"_jetpack_newsletter_access":"","_jetpack_dont_email_post_to_subs":false,"_jetpack_newsletter_tier_id":0,"_jetpack_memberships_contains_paywalled_content":false,"_jetpack_memberships_contains_paid_content":false,"footnotes":"","jetpack_publicize_message":"","jetpack_publicize_feature_enabled":true,"jetpack_social_post_already_shared":false,"jetpack_social_options":{"image_generator_settings":{"template":"highway","default_image_id":0,"font":"","enabled":false},"version":2}},"categories":[1],"tags":[],"class_list":["post-5991","post","type-post","status-publish","format-standard","hentry","category-principal"],"jetpack_publicize_connections":[],"jetpack_featured_media_url":"","jetpack_sharing_enabled":true,"jetpack_shortlink":"https:\/\/wp.me\/p6rqUQ-1yD","_links":{"self":[{"href":"https:\/\/blogs.gazetaesportiva.com\/planeta-octogono\/wp-json\/wp\/v2\/posts\/5991","targetHints":{"allow":["GET"]}}],"collection":[{"href":"https:\/\/blogs.gazetaesportiva.com\/planeta-octogono\/wp-json\/wp\/v2\/posts"}],"about":[{"href":"https:\/\/blogs.gazetaesportiva.com\/planeta-octogono\/wp-json\/wp\/v2\/types\/post"}],"author":[{"embeddable":true,"href":"https:\/\/blogs.gazetaesportiva.com\/planeta-octogono\/wp-json\/wp\/v2\/users\/33"}],"replies":[{"embeddable":true,"href":"https:\/\/blogs.gazetaesportiva.com\/planeta-octogono\/wp-json\/wp\/v2\/comments?post=5991"}],"version-history":[{"count":0,"href":"https:\/\/blogs.gazetaesportiva.com\/planeta-octogono\/wp-json\/wp\/v2\/posts\/5991\/revisions"}],"wp:attachment":[{"href":"https:\/\/blogs.gazetaesportiva.com\/planeta-octogono\/wp-json\/wp\/v2\/media?parent=5991"}],"wp:term":[{"taxonomy":"category","embeddable":true,"href":"https:\/\/blogs.gazetaesportiva.com\/planeta-octogono\/wp-json\/wp\/v2\/categories?post=5991"},{"taxonomy":"post_tag","embeddable":true,"href":"https:\/\/blogs.gazetaesportiva.com\/planeta-octogono\/wp-json\/wp\/v2\/tags?post=5991"}],"curies":[{"name":"wp","href":"https:\/\/api.w.org\/{rel}","templated":true}]}}