{"id":5988,"date":"2013-06-06T11:15:51","date_gmt":"2013-06-06T14:15:51","guid":{"rendered":"https:\/\/blogs.gazetaesportiva.com\/planeta-octogono\/?p=5988"},"modified":"2013-06-06T11:15:51","modified_gmt":"2013-06-06T14:15:51","slug":"diego-brandao-enfrenta-daniel-pineda-no-ufc-on-fox-sports-1-1-em-agosto","status":"publish","type":"post","link":"https:\/\/blogs.gazetaesportiva.com\/planeta-octogono\/2013\/06\/06\/diego-brandao-enfrenta-daniel-pineda-no-ufc-on-fox-sports-1-1-em-agosto\/","title":{"rendered":"Diego Brand\u00e3o enfrenta Daniel Pineda no UFC on FOX Sports 1 &#8211; 1 em agosto"},"content":{"rendered":"<figure id=\"attachment_5011\" aria-describedby=\"caption-attachment-5011\" style=\"width: 432px\" class=\"wp-caption aligncenter\"><a href=\"https:\/\/blogs.gazetaesportiva.com\/planeta-octogono\/files\/2013\/04\/diegobrandao1.jpg\"><img loading=\"lazy\" decoding=\"async\" class=\"size-full wp-image-5011 \" src=\"https:\/\/blogs.gazetaesportiva.com\/planeta-octogono\/files\/2013\/04\/diegobrandao1.jpg\" alt=\"\" width=\"432\" height=\"576\" \/><\/a><figcaption id=\"caption-attachment-5011\" class=\"wp-caption-text\">Diego volta ao oct\u00f3gono contra americano - Divulga\u00e7\u00e3o Diego Brand\u00e3o<\/figcaption><\/figure>\n<p>N\u00e3o demorou muito para o brasileiro Diego Brand\u00e3o ter luta marcada no UFC.<\/p>\n<p>Ap\u00f3s finalizar rapidamente Pablo Garza em sua \u00faltima luta, em abril passado, o peso-pena aguardava ansiosamente por novo oponente e nesta quarta-feira, o lutador recebeu a not\u00edcia que tanto esperava: a organiza\u00e7\u00e3o do UFC j\u00e1 havia definido data, local e advers\u00e1rio para seu pr\u00f3ximo desafio.<\/p>\n<p>No dia 17 de agosto, no UFC on FOX Sports 1, Diego Brand\u00e3o enfrenta o norte-americano Daniel Pineda em Boston, nos Estados Unidos.<\/p>\n<p>\u201cEstou louco para lutar logo, por isso fiquei muito feliz com a confirma\u00e7\u00e3o da minha luta. Comemorei quando o Ivan (Jatob\u00e1, manager de Diego Brand\u00e3o) me avisou que eu voltaria ao oct\u00f3gono em agosto.<\/p>\n<p>Vou partir para cima do meu advers\u00e1rio como sempre fiz em minhas lutas. Quero essa terceira vit\u00f3ria seguida para continuar crescendo na categoria\u201d, disse Diego.<\/p>\n<p>Primeiro e \u00fanico brasileiro vencedor da vers\u00e3o internacional do reality show The Ultimate Fighter (TUF), Diego Brand\u00e3o est\u00e1 embalado por duas vit\u00f3rias na categoria peso pena do UFC, sobre Joey Gambino e Pablo Garza.<\/p>\n<p>O advers\u00e1rio de Diego, Daniel Pineda tem 18 vit\u00f3rias e 9 derrotas no MMA e vem de vit\u00f3ria sobre Justin Lawrence por finaliza\u00e7\u00e3o.<\/p>\n<p style=\"text-align: center\"><strong>Conhe\u00e7a Diego Brand\u00e3o:<\/strong><\/p>\n<p style=\"text-align: center\"><strong>[yframe url=&#8217;http:\/\/www.youtube.com\/watch?v=4M94azblpio&#8217;]<\/strong><\/p>\n<div><\/div>\n<div style=\"text-align: center\"><strong>Siga nosso Physicbook &#8211; www.physicbook.com\/social\/grupos\/518a59c09838c\/<\/strong><\/div>\n<div style=\"text-align: center\"><strong><br \/>\n<\/strong><\/div>\n<div style=\"text-align: center\"><strong>Siga nosso Twitter &#8211; www.twitter.com\/BrMassami <\/strong><\/div>\n<div style=\"text-align: center\"><strong><br \/>\n<\/strong><\/div>\n<div style=\"text-align: center\"><strong>Siga nosso Facebook \u00a0&#8211; http:\/\/www.facebook.com\/PlanetaOctogono<\/strong><\/div>\n","protected":false},"excerpt":{"rendered":"<p>N\u00e3o demorou muito para o brasileiro Diego Brand\u00e3o ter luta marcada no UFC. Ap\u00f3s finalizar rapidamente Pablo Garza em sua \u00faltima luta, em abril passado, <a class=\"read-more\" href=\"https:\/\/blogs.gazetaesportiva.com\/planeta-octogono\/2013\/06\/06\/diego-brandao-enfrenta-daniel-pineda-no-ufc-on-fox-sports-1-1-em-agosto\/\">leia mais<\/a><\/p>\n","protected":false},"author":33,"featured_media":0,"comment_status":"open","ping_status":"open","sticky":false,"template":"","format":"standard","meta":{"jetpack_post_was_ever_published":false,"_jetpack_newsletter_access":"","_jetpack_dont_email_post_to_subs":false,"_jetpack_newsletter_tier_id":0,"_jetpack_memberships_contains_paywalled_content":false,"_jetpack_memberships_contains_paid_content":false,"footnotes":"","jetpack_publicize_message":"","jetpack_publicize_feature_enabled":true,"jetpack_social_post_already_shared":false,"jetpack_social_options":{"image_generator_settings":{"template":"highway","default_image_id":0,"font":"","enabled":false},"version":2}},"categories":[1],"tags":[],"class_list":["post-5988","post","type-post","status-publish","format-standard","hentry","category-principal"],"jetpack_publicize_connections":[],"jetpack_featured_media_url":"","jetpack_sharing_enabled":true,"jetpack_shortlink":"https:\/\/wp.me\/p6rqUQ-1yA","_links":{"self":[{"href":"https:\/\/blogs.gazetaesportiva.com\/planeta-octogono\/wp-json\/wp\/v2\/posts\/5988","targetHints":{"allow":["GET"]}}],"collection":[{"href":"https:\/\/blogs.gazetaesportiva.com\/planeta-octogono\/wp-json\/wp\/v2\/posts"}],"about":[{"href":"https:\/\/blogs.gazetaesportiva.com\/planeta-octogono\/wp-json\/wp\/v2\/types\/post"}],"author":[{"embeddable":true,"href":"https:\/\/blogs.gazetaesportiva.com\/planeta-octogono\/wp-json\/wp\/v2\/users\/33"}],"replies":[{"embeddable":true,"href":"https:\/\/blogs.gazetaesportiva.com\/planeta-octogono\/wp-json\/wp\/v2\/comments?post=5988"}],"version-history":[{"count":0,"href":"https:\/\/blogs.gazetaesportiva.com\/planeta-octogono\/wp-json\/wp\/v2\/posts\/5988\/revisions"}],"wp:attachment":[{"href":"https:\/\/blogs.gazetaesportiva.com\/planeta-octogono\/wp-json\/wp\/v2\/media?parent=5988"}],"wp:term":[{"taxonomy":"category","embeddable":true,"href":"https:\/\/blogs.gazetaesportiva.com\/planeta-octogono\/wp-json\/wp\/v2\/categories?post=5988"},{"taxonomy":"post_tag","embeddable":true,"href":"https:\/\/blogs.gazetaesportiva.com\/planeta-octogono\/wp-json\/wp\/v2\/tags?post=5988"}],"curies":[{"name":"wp","href":"https:\/\/api.w.org\/{rel}","templated":true}]}}