{"id":5919,"date":"2013-06-03T08:55:49","date_gmt":"2013-06-03T11:55:49","guid":{"rendered":"https:\/\/blogs.gazetaesportiva.com\/planeta-octogono\/?p=5919"},"modified":"2013-06-03T08:59:56","modified_gmt":"2013-06-03T11:59:56","slug":"vitor-belfort-leva-filho-ao-maracana-e-prestigia-jogo-do-brasil-sonhando-com-ufc-no-estadio","status":"publish","type":"post","link":"https:\/\/blogs.gazetaesportiva.com\/planeta-octogono\/2013\/06\/03\/vitor-belfort-leva-filho-ao-maracana-e-prestigia-jogo-do-brasil-sonhando-com-ufc-no-estadio\/","title":{"rendered":"Vitor Belfort leva filho ao Maracan\u00e3 e assiste jogo do Brasil sonhando com UFC no est\u00e1dio"},"content":{"rendered":"<figure id=\"attachment_5920\" aria-describedby=\"caption-attachment-5920\" style=\"width: 490px\" class=\"wp-caption aligncenter\"><a href=\"https:\/\/blogs.gazetaesportiva.com\/planeta-octogono\/files\/2013\/06\/vitorbelfort-maraca.jpg\"><img loading=\"lazy\" decoding=\"async\" class=\"size-full wp-image-5920 \" src=\"https:\/\/blogs.gazetaesportiva.com\/planeta-octogono\/files\/2013\/06\/vitorbelfort-maraca.jpg\" alt=\"\" width=\"490\" height=\"490\" \/><\/a><figcaption id=\"caption-attachment-5920\" class=\"wp-caption-text\">Belfort e seu filho Davi acompanharam jogo do Brasil contra Inglaterra - Reprodu\u00e7\u00e3o Instagram<\/figcaption><\/figure>\n<p>Sem combate marcado no UFC, o lutador Vitor Belfort levou sua fam\u00edlia para acompanhar a volta da sele\u00e7\u00e3o brasileira ao Maracan\u00e3.<\/p>\n<p>Postando uma foto com seu filho Davi nas redes sociais, Vitor sonha um dia em poder ver o UFC realizar uma edi\u00e7\u00e3o no est\u00e1dio.<\/p>\n<p>&#8220;Est\u00e1 lindo. Quem sabe um dia n\u00e3o veremos um UFC aqui.&#8221; disse o lutador.<\/p>\n<p>Vitor vem de vit\u00f3ria por nocaute sobre Luke Rockhold no UFC no Combate 2 \u00a0e n\u00e3o tem previs\u00e3o de retorno ao Ultimate.<\/p>\n<div style=\"text-align: center\"><strong>Entre em contato conosco, para tirar d\u00favidas e nos ajudar a fazer este blog cada vez melhor.<\/strong><\/div>\n<div style=\"text-align: center\"><strong>Atrav\u00e9s do e- mail: planetaoctogono@gmail.com<\/strong><\/div>\n<div style=\"text-align: center\"><strong><br \/>\n<\/strong><\/div>\n<div style=\"text-align: center\"><strong>Siga nosso Physicbook &#8211; http:\/\/www.physicbook.com\/social\/usuario\/518006546eb1e\/<\/strong><\/div>\n<div style=\"text-align: center\"><strong>ou http:\/\/www.physicbook.com\/social\/grupos\/518a59c09838c\/<\/strong><\/div>\n<div style=\"text-align: center\"><strong><br \/>\n<\/strong><\/div>\n<div style=\"text-align: center\"><strong>Siga nosso Twitter &#8211; www.twitter.com\/BrMassami e comente sobre esta not\u00edcia!<\/strong><\/div>\n<div style=\"text-align: center\"><strong>Siga nosso Facebook \u00a0&#8211; http:\/\/www.facebook.com\/PlanetaOctogono<\/strong><\/div>\n","protected":false},"excerpt":{"rendered":"<p>Sem combate marcado no UFC, o lutador Vitor Belfort levou sua fam\u00edlia para acompanhar a volta da sele\u00e7\u00e3o brasileira ao Maracan\u00e3. Postando uma foto com <a class=\"read-more\" href=\"https:\/\/blogs.gazetaesportiva.com\/planeta-octogono\/2013\/06\/03\/vitor-belfort-leva-filho-ao-maracana-e-prestigia-jogo-do-brasil-sonhando-com-ufc-no-estadio\/\">leia mais<\/a><\/p>\n","protected":false},"author":33,"featured_media":5920,"comment_status":"open","ping_status":"open","sticky":false,"template":"","format":"standard","meta":{"jetpack_post_was_ever_published":false,"_jetpack_newsletter_access":"","_jetpack_dont_email_post_to_subs":false,"_jetpack_newsletter_tier_id":0,"_jetpack_memberships_contains_paywalled_content":false,"_jetpack_memberships_contains_paid_content":false,"footnotes":"","jetpack_publicize_message":"","jetpack_publicize_feature_enabled":true,"jetpack_social_post_already_shared":false,"jetpack_social_options":{"image_generator_settings":{"template":"highway","default_image_id":0,"font":"","enabled":false},"version":2}},"categories":[1],"tags":[],"class_list":["post-5919","post","type-post","status-publish","format-standard","has-post-thumbnail","hentry","category-principal"],"jetpack_publicize_connections":[],"jetpack_featured_media_url":"https:\/\/blogs.gazetaesportiva.com\/planeta-octogono\/files\/2013\/06\/vitorbelfort-maraca.jpg","jetpack_sharing_enabled":true,"jetpack_shortlink":"https:\/\/wp.me\/p6rqUQ-1xt","_links":{"self":[{"href":"https:\/\/blogs.gazetaesportiva.com\/planeta-octogono\/wp-json\/wp\/v2\/posts\/5919","targetHints":{"allow":["GET"]}}],"collection":[{"href":"https:\/\/blogs.gazetaesportiva.com\/planeta-octogono\/wp-json\/wp\/v2\/posts"}],"about":[{"href":"https:\/\/blogs.gazetaesportiva.com\/planeta-octogono\/wp-json\/wp\/v2\/types\/post"}],"author":[{"embeddable":true,"href":"https:\/\/blogs.gazetaesportiva.com\/planeta-octogono\/wp-json\/wp\/v2\/users\/33"}],"replies":[{"embeddable":true,"href":"https:\/\/blogs.gazetaesportiva.com\/planeta-octogono\/wp-json\/wp\/v2\/comments?post=5919"}],"version-history":[{"count":0,"href":"https:\/\/blogs.gazetaesportiva.com\/planeta-octogono\/wp-json\/wp\/v2\/posts\/5919\/revisions"}],"wp:featuredmedia":[{"embeddable":true,"href":"https:\/\/blogs.gazetaesportiva.com\/planeta-octogono\/wp-json\/wp\/v2\/media\/5920"}],"wp:attachment":[{"href":"https:\/\/blogs.gazetaesportiva.com\/planeta-octogono\/wp-json\/wp\/v2\/media?parent=5919"}],"wp:term":[{"taxonomy":"category","embeddable":true,"href":"https:\/\/blogs.gazetaesportiva.com\/planeta-octogono\/wp-json\/wp\/v2\/categories?post=5919"},{"taxonomy":"post_tag","embeddable":true,"href":"https:\/\/blogs.gazetaesportiva.com\/planeta-octogono\/wp-json\/wp\/v2\/tags?post=5919"}],"curies":[{"name":"wp","href":"https:\/\/api.w.org\/{rel}","templated":true}]}}