{"id":5916,"date":"2013-06-03T08:49:57","date_gmt":"2013-06-03T11:49:57","guid":{"rendered":"https:\/\/blogs.gazetaesportiva.com\/planeta-octogono\/?p=5916"},"modified":"2013-06-03T08:53:54","modified_gmt":"2013-06-03T11:53:54","slug":"rogerio-minotouro-se-lesiona-e-esta-fora-de-revanche-com-shogun-no-ufc-161","status":"publish","type":"post","link":"https:\/\/blogs.gazetaesportiva.com\/planeta-octogono\/2013\/06\/03\/rogerio-minotouro-se-lesiona-e-esta-fora-de-revanche-com-shogun-no-ufc-161\/","title":{"rendered":"Rog\u00e9rio Minotouro se lesiona e est\u00e1 fora de revanche com Maur\u00edcio Shogun no UFC 161"},"content":{"rendered":"<figure id=\"attachment_4105\" aria-describedby=\"caption-attachment-4105\" style=\"width: 576px\" class=\"wp-caption aligncenter\"><a href=\"https:\/\/blogs.gazetaesportiva.com\/planeta-octogono\/files\/2013\/03\/Minotouro.jpg\"><img loading=\"lazy\" decoding=\"async\" class=\"size-full wp-image-4105 \" src=\"https:\/\/blogs.gazetaesportiva.com\/planeta-octogono\/files\/2013\/03\/Minotouro.jpg\" alt=\"\" width=\"576\" height=\"384\" \/><\/a><figcaption id=\"caption-attachment-4105\" class=\"wp-caption-text\">Rog\u00e9rio Minotouro (direita) est\u00e1 fora de combate devido les\u00e3o - Ana Carolina\/Gazeta Press<\/figcaption><\/figure>\n<figure id=\"attachment_4939\" aria-describedby=\"caption-attachment-4939\" style=\"width: 288px\" class=\"wp-caption alignleft\"><a href=\"https:\/\/blogs.gazetaesportiva.com\/planeta-octogono\/files\/2013\/04\/glauberemauricio.jpg\"><img loading=\"lazy\" decoding=\"async\" class=\"size-full wp-image-4939  \" src=\"https:\/\/blogs.gazetaesportiva.com\/planeta-octogono\/files\/2013\/04\/glauberemauricio.jpg\" alt=\"\" width=\"288\" height=\"216\" \/><\/a><figcaption id=\"caption-attachment-4939\" class=\"wp-caption-text\">Shogun (direita) fica sem advers\u00e1rio no UFC 161 - Divulga\u00e7\u00e3o Maur\u00edcio Shogun<\/figcaption><\/figure>\n<p>Uma m\u00e1 not\u00edcia aconteceu neste \u00faltimo domingo.<\/p>\n<p>Uma les\u00e3o nas costas do lutador Rog\u00e9rio Minotouro tirou o lutador do combate contra Maur\u00edcio Shogun que iria acontecer no UFC 161 no dia 15 de junho.<\/p>\n<p>Problemas com uma antiga h\u00e9rnia de disco voltou a incomodar o lutador que acabou deixando o combate devido a les\u00e3o.<\/p>\n<p>O UFC est\u00e1 procurando um novo oponente para Shogun e o lutador ir\u00e1 manter os treinos para a edi\u00e7\u00e3o.<\/p>\n<p>Minotouro e Shogun protagonizaram uma das melhores lutas do extinto evento japon\u00eas PRIDE.<\/p>\n<p>Na ocasi\u00e3o, Shogun venceu o combate por pontos na segunda fase do GP de meio pesados do evento.<\/p>\n<div style=\"text-align: center\"><strong>Entre em contato conosco, para tirar d\u00favidas e nos ajudar a fazer este blog cada vez melhor.<\/strong><\/div>\n<div style=\"text-align: center\"><strong>Atrav\u00e9s do e- mail: planetaoctogono@gmail.com<\/strong><\/div>\n<div style=\"text-align: center\"><strong><br \/>\n<\/strong><\/div>\n<div style=\"text-align: center\"><strong>Siga nosso Physicbook &#8211; http:\/\/www.physicbook.com\/social\/usuario\/518006546eb1e\/<\/strong><\/div>\n<div style=\"text-align: center\"><strong>ou http:\/\/www.physicbook.com\/social\/grupos\/518a59c09838c\/<\/strong><\/div>\n<div style=\"text-align: center\"><strong><br \/>\n<\/strong><\/div>\n<div style=\"text-align: center\"><strong>Siga nosso Twitter &#8211; www.twitter.com\/BrMassami e comente sobre esta not\u00edcia!<\/strong><\/div>\n<div style=\"text-align: center\"><strong>Siga nosso Facebook \u00a0&#8211; http:\/\/www.facebook.com\/PlanetaOctogono<\/strong><\/div>\n","protected":false},"excerpt":{"rendered":"<p>Uma m\u00e1 not\u00edcia aconteceu neste \u00faltimo domingo. Uma les\u00e3o nas costas do lutador Rog\u00e9rio Minotouro tirou o lutador do combate contra Maur\u00edcio Shogun que iria <a class=\"read-more\" href=\"https:\/\/blogs.gazetaesportiva.com\/planeta-octogono\/2013\/06\/03\/rogerio-minotouro-se-lesiona-e-esta-fora-de-revanche-com-shogun-no-ufc-161\/\">leia mais<\/a><\/p>\n","protected":false},"author":33,"featured_media":0,"comment_status":"open","ping_status":"open","sticky":false,"template":"","format":"standard","meta":{"jetpack_post_was_ever_published":false,"_jetpack_newsletter_access":"","_jetpack_dont_email_post_to_subs":false,"_jetpack_newsletter_tier_id":0,"_jetpack_memberships_contains_paywalled_content":false,"_jetpack_memberships_contains_paid_content":false,"footnotes":"","jetpack_publicize_message":"","jetpack_publicize_feature_enabled":true,"jetpack_social_post_already_shared":false,"jetpack_social_options":{"image_generator_settings":{"template":"highway","default_image_id":0,"font":"","enabled":false},"version":2}},"categories":[1],"tags":[],"class_list":["post-5916","post","type-post","status-publish","format-standard","hentry","category-principal"],"jetpack_publicize_connections":[],"jetpack_featured_media_url":"","jetpack_sharing_enabled":true,"jetpack_shortlink":"https:\/\/wp.me\/p6rqUQ-1xq","_links":{"self":[{"href":"https:\/\/blogs.gazetaesportiva.com\/planeta-octogono\/wp-json\/wp\/v2\/posts\/5916","targetHints":{"allow":["GET"]}}],"collection":[{"href":"https:\/\/blogs.gazetaesportiva.com\/planeta-octogono\/wp-json\/wp\/v2\/posts"}],"about":[{"href":"https:\/\/blogs.gazetaesportiva.com\/planeta-octogono\/wp-json\/wp\/v2\/types\/post"}],"author":[{"embeddable":true,"href":"https:\/\/blogs.gazetaesportiva.com\/planeta-octogono\/wp-json\/wp\/v2\/users\/33"}],"replies":[{"embeddable":true,"href":"https:\/\/blogs.gazetaesportiva.com\/planeta-octogono\/wp-json\/wp\/v2\/comments?post=5916"}],"version-history":[{"count":0,"href":"https:\/\/blogs.gazetaesportiva.com\/planeta-octogono\/wp-json\/wp\/v2\/posts\/5916\/revisions"}],"wp:attachment":[{"href":"https:\/\/blogs.gazetaesportiva.com\/planeta-octogono\/wp-json\/wp\/v2\/media?parent=5916"}],"wp:term":[{"taxonomy":"category","embeddable":true,"href":"https:\/\/blogs.gazetaesportiva.com\/planeta-octogono\/wp-json\/wp\/v2\/categories?post=5916"},{"taxonomy":"post_tag","embeddable":true,"href":"https:\/\/blogs.gazetaesportiva.com\/planeta-octogono\/wp-json\/wp\/v2\/tags?post=5916"}],"curies":[{"name":"wp","href":"https:\/\/api.w.org\/{rel}","templated":true}]}}