{"id":5908,"date":"2013-06-02T15:35:03","date_gmt":"2013-06-02T18:35:03","guid":{"rendered":"https:\/\/blogs.gazetaesportiva.com\/planeta-octogono\/?p=5908"},"modified":"2013-06-02T15:35:03","modified_gmt":"2013-06-02T18:35:03","slug":"round-extra-brasil-no-m-1-challenge-40-gustafsson-diz-estar-proximo-de-lutar-pelo-titulo-miesha-tate-pronta-para-o-tuf-18","status":"publish","type":"post","link":"https:\/\/blogs.gazetaesportiva.com\/planeta-octogono\/2013\/06\/02\/round-extra-brasil-no-m-1-challenge-40-gustafsson-diz-estar-proximo-de-lutar-pelo-titulo-miesha-tate-pronta-para-o-tuf-18\/","title":{"rendered":"Round Extra &#8211; Brasil no M-1 Challenge 40 &#8211; Gustafsson diz estar pr\u00f3ximo de lutar pelo t\u00edtulo &#8211; Miesha Tate pronta para o TUF 18"},"content":{"rendered":"<figure id=\"attachment_5909\" aria-describedby=\"caption-attachment-5909\" style=\"width: 400px\" class=\"wp-caption aligncenter\"><a href=\"https:\/\/blogs.gazetaesportiva.com\/planeta-octogono\/files\/2013\/06\/reinaldo-da-silva.jpg\"><img loading=\"lazy\" decoding=\"async\" class=\"size-full wp-image-5909\" src=\"https:\/\/blogs.gazetaesportiva.com\/planeta-octogono\/files\/2013\/06\/reinaldo-da-silva.jpg\" alt=\"\" width=\"400\" height=\"600\" \/><\/a><figcaption id=\"caption-attachment-5909\" class=\"wp-caption-text\">Lutador brasileiro enfrenta russo neste pr\u00f3ximo fim de semana - Arquivo pessoal<\/figcaption><\/figure>\n<p>O Brasil volta a estar presente no evento russo M-1 Challenge 40 que acontece na cidade de Dzheirakh na R\u00fassia.<\/p>\n<p>O lutador brasileiro Reinaldo &#8220;Fuzil&#8221; da Silva ir\u00e1 enfrentar o russo Viktor Nemkov na edi\u00e7\u00e3o.<\/p>\n<p>Reinaldo que possui um cartel de 7 vit\u00f3rias e 4 derrotas no MMA ir\u00e1 lutar pela primeira vez no evento russo.<\/p>\n<p>Nemkov volta ao evento ap\u00f3s participar da edi\u00e7\u00e3o 36 do M-1 Challenge.<\/p>\n<p>O lutador est\u00e1 invicto a 5 lutas e tem um cartel de 16 vit\u00f3rias e apenas 4 derrotas sendo uma delas para o brasileiro Vinny Magalh\u00e3es.<\/p>\n<p style=\"text-align: center\"><strong>Veja o trailer do evento:<\/strong><\/p>\n<p style=\"text-align: center\"><strong>[yframe url=&#8217;http:\/\/www.youtube.com\/watch?v=MLpAUmqGFhA&#8217;] <\/strong><\/p>\n<p style=\"text-align: center\">\n<p style=\"text-align: left\"><strong>Lutador sueco diz estar pr\u00f3ximo de receber proposta para lutar pelo cintur\u00e3o<\/strong><\/p>\n<p style=\"text-align: left\">\n<p style=\"text-align: left\">\n<figure id=\"attachment_5810\" aria-describedby=\"caption-attachment-5810\" style=\"width: 258px\" class=\"wp-caption alignleft\"><a href=\"https:\/\/blogs.gazetaesportiva.com\/planeta-octogono\/files\/2013\/05\/jonesgusta.jpg\"><img loading=\"lazy\" decoding=\"async\" class=\"size-full wp-image-5810  \" src=\"https:\/\/blogs.gazetaesportiva.com\/planeta-octogono\/files\/2013\/05\/jonesgusta.jpg\" alt=\"\" width=\"258\" height=\"346\" \/><\/a><figcaption id=\"caption-attachment-5810\" class=\"wp-caption-text\">Lutadores se encararam em evento russo - Reprodu\u00e7\u00e3o Facebook<\/figcaption><\/figure>\n<p>Em entrevista ao site americano MMA Fighting, o lutador sueco Alexander Gustafsson aumentou os rumores de uma poss\u00edvel luta pelo cintur\u00e3o contra o campe\u00e3o peso meio pesado do UFC, o americano Jon Jones.<\/p>\n<p style=\"text-align: left\">Segundo o sueco, ambos querem se enfrentar e a chance de isto acontecer pode ser muito alta.<\/p>\n<p style=\"text-align: left\">&#8220;Ele quer lutar comigo e eu quero lutar com ele. Ainda n\u00e3o me ofereceram uma proposta mas eu espero ter respostas em breve.&#8221; disse o sueco que ir\u00e1 aceitar a proposta se for chamado para lutar.<\/p>\n<p style=\"text-align: left\">&#8220;Eu realmente quero essa luta (contra Jones). Eu realmente quero enfrentar Jon Jones. Eu penso que receberei uma proposta para lutar pelo cintur\u00e3o em breve.&#8221; disse Gustafsson.<\/p>\n<p style=\"text-align: left\">Os rumores sobre o combate aumentaram ap\u00f3s o lutador divulgar uma foto encarando Jones no evento Legend na R\u00fassia.<\/p>\n<p style=\"text-align: left\">O UFC ainda n\u00e3o se pronunciou oficialmente sobre o assunto e n\u00e3o definiu a data de retorno de Jon Jones devido sua les\u00e3o no dedo do p\u00e9.<\/p>\n<p style=\"text-align: left\">\n<p style=\"text-align: left\"><strong>Miesha Tate est\u00e1 pronta para desafio contra Ronda no TUF 18<\/strong><\/p>\n<p style=\"text-align: left\">\n<p style=\"text-align: left\">\n<figure id=\"attachment_5910\" aria-describedby=\"caption-attachment-5910\" style=\"width: 336px\" class=\"wp-caption alignright\"><a href=\"https:\/\/blogs.gazetaesportiva.com\/planeta-octogono\/files\/2013\/06\/tuf18-2.png\"><img loading=\"lazy\" decoding=\"async\" class=\"size-full wp-image-5910 \" src=\"https:\/\/blogs.gazetaesportiva.com\/planeta-octogono\/files\/2013\/06\/tuf18-2.png\" alt=\"\" width=\"336\" height=\"300\" \/><\/a><figcaption id=\"caption-attachment-5910\" class=\"wp-caption-text\">Miesha (direta) e Ronda ser\u00e3o as pr\u00f3ximas treinadoras do TUF nos Estados Unidos - Reprodu\u00e7\u00e3o Facebook<\/figcaption><\/figure>\n<p>A americana Miesha Tate que ir\u00e1 substituir Cat Zingano que se lesionou antes das grava\u00e7\u00f5es do TUF 18 est\u00e1 pronta para o desafio contra Ronda Rousey.<\/p>\n<p style=\"text-align: left\">Em um v\u00eddeo promocional divulgado pelo UFC, Miesha lamenta a les\u00e3o de Zingano mas acredita que est\u00e1 pronta para a revanche com Ronda.<\/p>\n<p style=\"text-align: left\">&#8220;Infelizmente foi ruim para Cat a les\u00e3o. Mas agora irei lutar com Ronda e acho que isso \u00e9 bom para a televis\u00e3o.&#8221; disse Miesha que elogiou a oponente apesar de desejar vencer.<\/p>\n<p style=\"text-align: left\">&#8220;Ronda \u00e9 uma lutadora fenomenal mas estou aqui para mostrar meu trabalho. N\u00f3s temos desaven\u00e7as mas estou aqui para treinar (os lutadores) e eu quero o cintur\u00e3o (dela).<\/p>\n<p style=\"text-align: left\">As lutadoras j\u00e1 est\u00e3o em grava\u00e7\u00f5es para a pr\u00f3xima temporada do TUF 18 que ser\u00e1 exibida nos Estados Unidos em setembro.<\/p>\n<p style=\"text-align: left\">\n<p style=\"text-align: left\">\n<div style=\"text-align: center\"><strong>Entre em contato conosco, para tirar d\u00favidas e nos ajudar a fazer este blog cada vez melhor.<\/strong><\/div>\n<div style=\"text-align: center\"><strong>Atrav\u00e9s do e- mail: planetaoctogono@gmail.com<\/strong><\/div>\n<div style=\"text-align: center\"><strong><br \/>\n<\/strong><\/div>\n<div style=\"text-align: center\"><strong>Siga nosso Physicbook &#8211; http:\/\/www.physicbook.com\/social\/usuario\/518006546eb1e\/<\/strong><\/div>\n<div style=\"text-align: center\"><strong>ou http:\/\/www.physicbook.com\/social\/grupos\/518a59c09838c\/<\/strong><\/div>\n<div style=\"text-align: center\"><strong><br \/>\n<\/strong><\/div>\n<div style=\"text-align: center\"><strong>Siga nosso Twitter &#8211; www.twitter.com\/BrMassami e comente sobre esta not\u00edcia!<\/strong><\/div>\n<div style=\"text-align: center\"><strong>Siga nosso Facebook \u00a0&#8211; http:\/\/www.facebook.com\/PlanetaOctogono<\/strong><\/div>\n","protected":false},"excerpt":{"rendered":"<p>O Brasil volta a estar presente no evento russo M-1 Challenge 40 que acontece na cidade de Dzheirakh na R\u00fassia. O lutador brasileiro Reinaldo &#8220;Fuzil&#8221; <a class=\"read-more\" href=\"https:\/\/blogs.gazetaesportiva.com\/planeta-octogono\/2013\/06\/02\/round-extra-brasil-no-m-1-challenge-40-gustafsson-diz-estar-proximo-de-lutar-pelo-titulo-miesha-tate-pronta-para-o-tuf-18\/\">leia mais<\/a><\/p>\n","protected":false},"author":33,"featured_media":5910,"comment_status":"open","ping_status":"open","sticky":false,"template":"","format":"standard","meta":{"jetpack_post_was_ever_published":false,"_jetpack_newsletter_access":"","_jetpack_dont_email_post_to_subs":false,"_jetpack_newsletter_tier_id":0,"_jetpack_memberships_contains_paywalled_content":false,"_jetpack_memberships_contains_paid_content":false,"footnotes":"","jetpack_publicize_message":"","jetpack_publicize_feature_enabled":true,"jetpack_social_post_already_shared":false,"jetpack_social_options":{"image_generator_settings":{"template":"highway","default_image_id":0,"font":"","enabled":false},"version":2}},"categories":[1],"tags":[],"class_list":["post-5908","post","type-post","status-publish","format-standard","has-post-thumbnail","hentry","category-principal"],"jetpack_publicize_connections":[],"jetpack_featured_media_url":"https:\/\/blogs.gazetaesportiva.com\/planeta-octogono\/files\/2013\/06\/tuf18-2.png","jetpack_sharing_enabled":true,"jetpack_shortlink":"https:\/\/wp.me\/p6rqUQ-1xi","_links":{"self":[{"href":"https:\/\/blogs.gazetaesportiva.com\/planeta-octogono\/wp-json\/wp\/v2\/posts\/5908","targetHints":{"allow":["GET"]}}],"collection":[{"href":"https:\/\/blogs.gazetaesportiva.com\/planeta-octogono\/wp-json\/wp\/v2\/posts"}],"about":[{"href":"https:\/\/blogs.gazetaesportiva.com\/planeta-octogono\/wp-json\/wp\/v2\/types\/post"}],"author":[{"embeddable":true,"href":"https:\/\/blogs.gazetaesportiva.com\/planeta-octogono\/wp-json\/wp\/v2\/users\/33"}],"replies":[{"embeddable":true,"href":"https:\/\/blogs.gazetaesportiva.com\/planeta-octogono\/wp-json\/wp\/v2\/comments?post=5908"}],"version-history":[{"count":0,"href":"https:\/\/blogs.gazetaesportiva.com\/planeta-octogono\/wp-json\/wp\/v2\/posts\/5908\/revisions"}],"wp:featuredmedia":[{"embeddable":true,"href":"https:\/\/blogs.gazetaesportiva.com\/planeta-octogono\/wp-json\/wp\/v2\/media\/5910"}],"wp:attachment":[{"href":"https:\/\/blogs.gazetaesportiva.com\/planeta-octogono\/wp-json\/wp\/v2\/media?parent=5908"}],"wp:term":[{"taxonomy":"category","embeddable":true,"href":"https:\/\/blogs.gazetaesportiva.com\/planeta-octogono\/wp-json\/wp\/v2\/categories?post=5908"},{"taxonomy":"post_tag","embeddable":true,"href":"https:\/\/blogs.gazetaesportiva.com\/planeta-octogono\/wp-json\/wp\/v2\/tags?post=5908"}],"curies":[{"name":"wp","href":"https:\/\/api.w.org\/{rel}","templated":true}]}}