{"id":5884,"date":"2013-06-01T10:25:16","date_gmt":"2013-06-01T13:25:16","guid":{"rendered":"https:\/\/blogs.gazetaesportiva.com\/planeta-octogono\/?p=5884"},"modified":"2013-06-01T10:25:16","modified_gmt":"2013-06-01T13:25:16","slug":"smash-fight-realiza-segunda-edicao-com-estrelas-do-mma-nacional-em-julho","status":"publish","type":"post","link":"https:\/\/blogs.gazetaesportiva.com\/planeta-octogono\/2013\/06\/01\/smash-fight-realiza-segunda-edicao-com-estrelas-do-mma-nacional-em-julho\/","title":{"rendered":"Smash Fight realiza segunda edi\u00e7\u00e3o com estrelas do MMA Nacional em julho"},"content":{"rendered":"<figure id=\"attachment_5885\" aria-describedby=\"caption-attachment-5885\" style=\"width: 540px\" class=\"wp-caption aligncenter\"><a href=\"https:\/\/blogs.gazetaesportiva.com\/planeta-octogono\/files\/2013\/06\/smashfight2.jpg\"><img loading=\"lazy\" decoding=\"async\" class=\"size-full wp-image-5885   \" src=\"https:\/\/blogs.gazetaesportiva.com\/planeta-octogono\/files\/2013\/06\/smashfight2.jpg\" alt=\"\" width=\"540\" height=\"382\" \/><\/a><figcaption id=\"caption-attachment-5885\" class=\"wp-caption-text\">Evento tem estrelas do MMA Nacional em segunda edi\u00e7\u00e3o - Divulga\u00e7\u00e3o Smash Fight<\/figcaption><\/figure>\n<div>O evento come\u00e7a a formatar seu card para a segunda edi\u00e7\u00e3o com muitas feras que se enfrentar\u00e3o, desta vez, no gigantesco Gin\u00e1sio do Tarum\u00e3 em Curitiba, a expectativa \u00e9 de mais uma lota\u00e7\u00e3o esgotada e j\u00e1 tem data marcada e confirmada para 13 de julho, s\u00e1bado.<\/div>\n<div><\/div>\n<div>Ser\u00e3o 3 disputas de cintur\u00e3o, nas categorias at\u00e9 70kg (GP com 4 lutadores), 77kg e 84kg<\/div>\n<div><\/div>\n<div>Flavio \u201cThe Legendary\u201d \u00c1lvaro enfrenta Ivan Batman na primeira semifinal do GP at\u00e9 70 kg, enquanto na outra chave, os representantes de Curitiba, Rodrigo Cavalheiro enfrentando Alexandre Sangue, fechando as chaves que levar\u00e3o ao cintur\u00e3o em uma final realizada na mesma noite.<\/div>\n<div><\/div>\n<div>A novidade nas lutas reservas do GP dos leves (70kg) ficar\u00e1 por conta de um integrante do GP at\u00e9 77 kg do evento passado, que decidiu topar o desafio de baixar de peso. Trata-se da fera Gilmar Manaus.<\/div>\n<div><\/div>\n<div>Na disputa de cintur\u00e3o at\u00e9 77kg, Wendell \u201cWar Machine\u201d Neg\u00e3o, atleta que venceu sua semi-final no GP 77 do SMASH anterior, mas quebrou o p\u00e9 e n\u00e3o pode disputar a final, enfrentar\u00e1 o campe\u00e3o do GP e atual detentor do cintur\u00e3o, Elizeu Capoeira.<\/div>\n<div><\/div>\n<div>Ainda sem advers\u00e1rios definidos, dois dos maiores atletas em atividade no Brasil, Toninho F\u00faria (66kg) e Luis Sapo (77kg) est\u00e3o mais do que confirmados, e o evento est\u00e1 negociando com duas feras \u00e0 altura.<\/div>\n<div><\/div>\n<div>Valendo o cintur\u00e3o at\u00e9 84 kg, em uma disputa direta, estar\u00e3o frente a frente Gustavo Ximu e Ariel Machado. Ximu \u00e9 velho conhecido dos curitibanos por seus combates no Meca e Ariel Machado vem em uma sequ\u00eancia de 4 vit\u00f3rias seguidas, todas por nocaute e 3 delas no 1\u00ba round.<\/div>\n<div><\/div>\n<div>Depois de nocautear Julio Cesar Jamanta, o jovem Matheus Buffa tem um desafio internacional pela frente: parar a fera americana Rodney Wallace, que na \u00faltima edi\u00e7\u00e3o voltou a surpreender e venceu o dur\u00edssimo Joaquim Mamute por nocaute t\u00e9cnico.<\/div>\n<div><\/div>\n<div>O Gin\u00e1sio do Tarum\u00e3 tem capacidade para 7000 pessoas bem acomodadas e os organizadores est\u00e3o certos de que, como a \u00faltima edi\u00e7\u00e3o teve ingressos esgotados com 3 dias de anteced\u00eancia.<\/div>\n<div><\/div>\n<div>\u201cO SMASH Fight mostrou ao p\u00fablico um dos melhores eventos de MMA da hist\u00f3ria e nosso desafio neste momento \u00e9 superar a n\u00f3s mesmos.<\/div>\n<div><\/div>\n<div>A expectativa \u00e9 a melhor poss\u00edvel, com um card incrivelmente ainda melhor, em um gin\u00e1sio com o dobro da lota\u00e7\u00e3o da edi\u00e7\u00e3o anterior.<\/div>\n<div><\/div>\n<div>O p\u00fablico curitibano \u00e9 fan\u00e1tico, n\u00e3o ficam em sil\u00eancio nunca e sem d\u00favida \u00e9 o melhor p\u00fablico que j\u00e1 realizei eventos at\u00e9 hoje.<\/div>\n<div><\/div>\n<div>Garanto que quem estiver dentro do Gin\u00e1sio do Tarum\u00e3 no dia 13 de julhio ser\u00e1 testemunha de um dos melhores eventos da hist\u00f3ria do MMA.<\/div>\n<div><\/div>\n<div>E devem seguir a recomenda\u00e7\u00e3o do nosso announcer Olivar Leite: N\u00e3o pisquem.\u201d &#8211; Prometeu Pedro Kazan, produtor do SMASH.<\/div>\n<div><\/div>\n<div>\n<div style=\"text-align: center\"><strong>Comente esta not\u00edcia, ou entre em contato conosco, para tirar d\u00favidas e nos ajudar a fazer este blog cada vez melhor.<\/strong><\/div>\n<div style=\"text-align: center\"><strong>Atrav\u00e9s do e- mail: planetaoctogono@gmail.com<\/strong><\/div>\n<div style=\"text-align: center\"><strong><br \/>\n<\/strong><\/div>\n<div style=\"text-align: center\"><strong>Siga nosso Physicbook &#8211; http:\/\/www.physicbook.com\/social\/usuario\/518006546eb1e\/<\/strong><\/div>\n<div style=\"text-align: center\"><strong><br \/>\n<\/strong><\/div>\n<div style=\"text-align: center\"><strong>ou http:\/\/www.physicbook.com\/social\/grupos\/518a59c09838c\/<\/strong><\/div>\n<div style=\"text-align: center\"><strong><br \/>\n<\/strong><\/div>\n<div style=\"text-align: center\"><strong>Siga nosso Twitter &#8211; www.twitter.com\/BrMassami e comente sobre esta not\u00edcia!<\/strong><\/div>\n<div style=\"text-align: center\"><strong><br \/>\n<\/strong><\/div>\n<div style=\"text-align: center\"><strong>Siga nosso Facebook \u00a0&#8211; http:\/\/www.facebook.com\/PlanetaOctogono<\/strong><\/div>\n<\/div>\n<div><\/div>\n","protected":false},"excerpt":{"rendered":"<p>O evento come\u00e7a a formatar seu card para a segunda edi\u00e7\u00e3o com muitas feras que se enfrentar\u00e3o, desta vez, no gigantesco Gin\u00e1sio do Tarum\u00e3 em <a class=\"read-more\" href=\"https:\/\/blogs.gazetaesportiva.com\/planeta-octogono\/2013\/06\/01\/smash-fight-realiza-segunda-edicao-com-estrelas-do-mma-nacional-em-julho\/\">leia mais<\/a><\/p>\n","protected":false},"author":33,"featured_media":5885,"comment_status":"open","ping_status":"open","sticky":false,"template":"","format":"standard","meta":{"jetpack_post_was_ever_published":false,"_jetpack_newsletter_access":"","_jetpack_dont_email_post_to_subs":false,"_jetpack_newsletter_tier_id":0,"_jetpack_memberships_contains_paywalled_content":false,"_jetpack_memberships_contains_paid_content":false,"footnotes":"","jetpack_publicize_message":"","jetpack_publicize_feature_enabled":true,"jetpack_social_post_already_shared":false,"jetpack_social_options":{"image_generator_settings":{"template":"highway","default_image_id":0,"font":"","enabled":false},"version":2}},"categories":[1],"tags":[],"class_list":["post-5884","post","type-post","status-publish","format-standard","has-post-thumbnail","hentry","category-principal"],"jetpack_publicize_connections":[],"jetpack_featured_media_url":"https:\/\/blogs.gazetaesportiva.com\/planeta-octogono\/files\/2013\/06\/smashfight2.jpg","jetpack_sharing_enabled":true,"jetpack_shortlink":"https:\/\/wp.me\/p6rqUQ-1wU","_links":{"self":[{"href":"https:\/\/blogs.gazetaesportiva.com\/planeta-octogono\/wp-json\/wp\/v2\/posts\/5884","targetHints":{"allow":["GET"]}}],"collection":[{"href":"https:\/\/blogs.gazetaesportiva.com\/planeta-octogono\/wp-json\/wp\/v2\/posts"}],"about":[{"href":"https:\/\/blogs.gazetaesportiva.com\/planeta-octogono\/wp-json\/wp\/v2\/types\/post"}],"author":[{"embeddable":true,"href":"https:\/\/blogs.gazetaesportiva.com\/planeta-octogono\/wp-json\/wp\/v2\/users\/33"}],"replies":[{"embeddable":true,"href":"https:\/\/blogs.gazetaesportiva.com\/planeta-octogono\/wp-json\/wp\/v2\/comments?post=5884"}],"version-history":[{"count":0,"href":"https:\/\/blogs.gazetaesportiva.com\/planeta-octogono\/wp-json\/wp\/v2\/posts\/5884\/revisions"}],"wp:featuredmedia":[{"embeddable":true,"href":"https:\/\/blogs.gazetaesportiva.com\/planeta-octogono\/wp-json\/wp\/v2\/media\/5885"}],"wp:attachment":[{"href":"https:\/\/blogs.gazetaesportiva.com\/planeta-octogono\/wp-json\/wp\/v2\/media?parent=5884"}],"wp:term":[{"taxonomy":"category","embeddable":true,"href":"https:\/\/blogs.gazetaesportiva.com\/planeta-octogono\/wp-json\/wp\/v2\/categories?post=5884"},{"taxonomy":"post_tag","embeddable":true,"href":"https:\/\/blogs.gazetaesportiva.com\/planeta-octogono\/wp-json\/wp\/v2\/tags?post=5884"}],"curies":[{"name":"wp","href":"https:\/\/api.w.org\/{rel}","templated":true}]}}