{"id":5882,"date":"2013-06-01T09:57:23","date_gmt":"2013-06-01T12:57:23","guid":{"rendered":"https:\/\/blogs.gazetaesportiva.com\/planeta-octogono\/?p=5882"},"modified":"2013-06-01T09:57:23","modified_gmt":"2013-06-01T12:57:23","slug":"anderson-silva-aposta-em-experiencia-contra-chris-weidman-no-ufc-162","status":"publish","type":"post","link":"https:\/\/blogs.gazetaesportiva.com\/planeta-octogono\/2013\/06\/01\/anderson-silva-aposta-em-experiencia-contra-chris-weidman-no-ufc-162\/","title":{"rendered":"Anderson Silva aposta em experi\u00eancia contra Chris Weidman no UFC 162"},"content":{"rendered":"<figure id=\"attachment_5366\" aria-describedby=\"caption-attachment-5366\" style=\"width: 630px\" class=\"wp-caption aligncenter\"><a href=\"https:\/\/blogs.gazetaesportiva.com\/planeta-octogono\/files\/2013\/05\/andersoncorinthians.jpg\"><img loading=\"lazy\" decoding=\"async\" class=\"size-full wp-image-5366  \" src=\"https:\/\/blogs.gazetaesportiva.com\/planeta-octogono\/files\/2013\/05\/andersoncorinthians.jpg\" alt=\"\" width=\"630\" height=\"420\" \/><\/a><figcaption id=\"caption-attachment-5366\" class=\"wp-caption-text\">Anderson acredita que sua experi\u00eancia nas lutas far\u00e1 diferen\u00e7a - Divulga\u00e7\u00e3o UFC<\/figcaption><\/figure>\n<p>O campe\u00e3o peso m\u00e9dio do UFC, o brasileiro Anderson Silva acredita que sua experi\u00eancia ser\u00e1 decisiva no combate contra Chris Weidman, no UFC 162 que acontece no dia 6 de julho em Las Vegas.<\/p>\n<p>Em entrevista ao site MMA Junkie, Anderson acredita que sua experi\u00eancia no mundo das lutas ir\u00e1 ajudar no combate.<\/p>\n<p>&#8220;Voc\u00ea realmente n\u00e3o pode discutir com o talento, e cada pessoa tem seus pr\u00f3prios talentos. Mas tenho feito isso desde que tinha oito anos, e a nova gera\u00e7\u00e3o tem que ver o que eu fiz e onde estive.<\/p>\n<p>N\u00e3o sou algu\u00e9m que come\u00e7ou a treinar na adolesc\u00eancia ou com meus 20 anos.<\/p>\n<p>Fa\u00e7o isso h\u00e1 muito tempo, ent\u00e3o estar l\u00e1 \u00e9 algo natural, e eu me sinto confort\u00e1vel fazendo. Minha experi\u00eancia vai contar quando eu estiver l\u00e1.&#8221; disse o lutador.<\/p>\n<p>O brasileiro elogia o advers\u00e1rio e diz que Weidman tem cr\u00e9ditos para ter a oportunidade de desafiar o lutador no UFC.<\/p>\n<p>&#8220;Antes de qualquer coisa, temos que respeitar Weidman. Ele venceu algumas lutas e provou que pode estar onde est\u00e1, al\u00e9m de ser 10 anos mais novo e vai chegar com muito g\u00e1s e for\u00e7a para tentar me agarrar, tenho certeza. Temos que respeit\u00e1-lo.&#8221; disse Anderson.<\/p>\n<div style=\"text-align: center\"><strong>Comente esta not\u00edcia, ou entre em contato conosco, para tirar d\u00favidas e nos ajudar a fazer este blog cada vez melhor.<\/strong><\/div>\n<div style=\"text-align: center\"><strong>Atrav\u00e9s do e- mail: planetaoctogono@gmail.com<\/strong><\/div>\n<div style=\"text-align: center\"><strong><br \/>\n<\/strong><\/div>\n<div style=\"text-align: center\"><strong>Siga nosso Physicbook &#8211; http:\/\/www.physicbook.com\/social\/usuario\/518006546eb1e\/<\/strong><\/div>\n<div style=\"text-align: center\"><strong>ou http:\/\/www.physicbook.com\/social\/grupos\/518a59c09838c\/<\/strong><\/div>\n<div style=\"text-align: center\"><strong><br \/>\n<\/strong><\/div>\n<div style=\"text-align: center\"><strong>Siga nosso Twitter &#8211; www.twitter.com\/BrMassami e comente sobre esta not\u00edcia!<\/strong><\/div>\n<div style=\"text-align: center\"><strong>Siga nosso Facebook \u00a0&#8211; http:\/\/www.facebook.com\/PlanetaOctogono<\/strong><\/div>\n","protected":false},"excerpt":{"rendered":"<p>O campe\u00e3o peso m\u00e9dio do UFC, o brasileiro Anderson Silva acredita que sua experi\u00eancia ser\u00e1 decisiva no combate contra Chris Weidman, no UFC 162 que <a class=\"read-more\" href=\"https:\/\/blogs.gazetaesportiva.com\/planeta-octogono\/2013\/06\/01\/anderson-silva-aposta-em-experiencia-contra-chris-weidman-no-ufc-162\/\">leia mais<\/a><\/p>\n","protected":false},"author":33,"featured_media":0,"comment_status":"open","ping_status":"open","sticky":false,"template":"","format":"standard","meta":{"jetpack_post_was_ever_published":false,"_jetpack_newsletter_access":"","_jetpack_dont_email_post_to_subs":false,"_jetpack_newsletter_tier_id":0,"_jetpack_memberships_contains_paywalled_content":false,"_jetpack_memberships_contains_paid_content":false,"footnotes":"","jetpack_publicize_message":"","jetpack_publicize_feature_enabled":true,"jetpack_social_post_already_shared":false,"jetpack_social_options":{"image_generator_settings":{"template":"highway","default_image_id":0,"font":"","enabled":false},"version":2}},"categories":[1],"tags":[],"class_list":["post-5882","post","type-post","status-publish","format-standard","hentry","category-principal"],"jetpack_publicize_connections":[],"jetpack_featured_media_url":"","jetpack_sharing_enabled":true,"jetpack_shortlink":"https:\/\/wp.me\/p6rqUQ-1wS","_links":{"self":[{"href":"https:\/\/blogs.gazetaesportiva.com\/planeta-octogono\/wp-json\/wp\/v2\/posts\/5882","targetHints":{"allow":["GET"]}}],"collection":[{"href":"https:\/\/blogs.gazetaesportiva.com\/planeta-octogono\/wp-json\/wp\/v2\/posts"}],"about":[{"href":"https:\/\/blogs.gazetaesportiva.com\/planeta-octogono\/wp-json\/wp\/v2\/types\/post"}],"author":[{"embeddable":true,"href":"https:\/\/blogs.gazetaesportiva.com\/planeta-octogono\/wp-json\/wp\/v2\/users\/33"}],"replies":[{"embeddable":true,"href":"https:\/\/blogs.gazetaesportiva.com\/planeta-octogono\/wp-json\/wp\/v2\/comments?post=5882"}],"version-history":[{"count":0,"href":"https:\/\/blogs.gazetaesportiva.com\/planeta-octogono\/wp-json\/wp\/v2\/posts\/5882\/revisions"}],"wp:attachment":[{"href":"https:\/\/blogs.gazetaesportiva.com\/planeta-octogono\/wp-json\/wp\/v2\/media?parent=5882"}],"wp:term":[{"taxonomy":"category","embeddable":true,"href":"https:\/\/blogs.gazetaesportiva.com\/planeta-octogono\/wp-json\/wp\/v2\/categories?post=5882"},{"taxonomy":"post_tag","embeddable":true,"href":"https:\/\/blogs.gazetaesportiva.com\/planeta-octogono\/wp-json\/wp\/v2\/tags?post=5882"}],"curies":[{"name":"wp","href":"https:\/\/api.w.org\/{rel}","templated":true}]}}