{"id":5860,"date":"2013-05-31T05:29:19","date_gmt":"2013-05-31T08:29:19","guid":{"rendered":"https:\/\/blogs.gazetaesportiva.com\/planeta-octogono\/?p=5860"},"modified":"2013-05-31T06:00:52","modified_gmt":"2013-05-31T09:00:52","slug":"round-extra-especial-combates-anunciados-no-ufc-nesta-semana","status":"publish","type":"post","link":"https:\/\/blogs.gazetaesportiva.com\/planeta-octogono\/2013\/05\/31\/round-extra-especial-combates-anunciados-no-ufc-nesta-semana\/","title":{"rendered":"Round Extra &#8211; Especial &#8211; Combates anunciados no UFC nesta semana"},"content":{"rendered":"<figure id=\"attachment_5861\" aria-describedby=\"caption-attachment-5861\" style=\"width: 403px\" class=\"wp-caption aligncenter\"><a href=\"https:\/\/blogs.gazetaesportiva.com\/planeta-octogono\/files\/2013\/05\/1086_20.31.2013_29146_ef_20130119.jpg\"><img loading=\"lazy\" decoding=\"async\" class=\"size-full wp-image-5861    \" src=\"https:\/\/blogs.gazetaesportiva.com\/planeta-octogono\/files\/2013\/05\/1086_20.31.2013_29146_ef_20130119.jpg\" alt=\"\" width=\"403\" height=\"605\" \/><\/a><figcaption id=\"caption-attachment-5861\" class=\"wp-caption-text\">Brasileiros s\u00e3o anunciados em combates - Wagner Carmo\/Inovafoto<\/figcaption><\/figure>\n<p>O lutador brasileiro Edson Barboza (foto principal) teve seu advers\u00e1rio trocado ap\u00f3s uma les\u00e3o de John Makdessi.<\/p>\n<p>Edson que participa do UFC 162 que acontece no dia 6 de julho agora enfrenta o compatriota Rafaello Oliveira.<\/p>\n<p>Edson vem de vit\u00f3ria sobre Lucas Mineiro no UFC S\u00e3o Paulo e Rafaello venceu Yoislandy Izquierdo no UFC 148.<\/p>\n<p><strong> C\u00e9zar Mutante enfrenta ex lutador do TUF americano<\/strong><\/p>\n<figure id=\"attachment_5862\" aria-describedby=\"caption-attachment-5862\" style=\"width: 389px\" class=\"wp-caption alignright\"><a href=\"https:\/\/blogs.gazetaesportiva.com\/planeta-octogono\/files\/2013\/05\/mutante.jpg\"><img loading=\"lazy\" decoding=\"async\" class=\"size-full wp-image-5862    \" src=\"https:\/\/blogs.gazetaesportiva.com\/planeta-octogono\/files\/2013\/05\/mutante.jpg\" alt=\"\" width=\"389\" height=\"259\" \/><\/a><figcaption id=\"caption-attachment-5862\" class=\"wp-caption-text\">C\u00e9zar Mutante est\u00e1 de volta ao UFC depois de duas les\u00f5es - Gaspar N\u00f3brega\/Inovafoto <\/figcaption><\/figure>\n<p>O vencedor da primeira edi\u00e7\u00e3o do TUF Brasil, C\u00e9zar Mutante enfrenta o americano Clint Hester no UFC Rio 163.<\/p>\n<p>O lutador que vem de duas les\u00f5es seguidas est\u00e1 escalado para a volta do UFC ao Rio de Janeiro no dia 3 de agosto segundo o site Combate.com.<\/p>\n<p>Mutante que venceu S\u00e9rginho Moraes no UFC 147 enfrenta Hester que vem de vit\u00f3ria no TUF Finale sobre Bristol Marunde.<\/p>\n<p><strong>Thales Leites volta ao UFC enfrentando ingl\u00eas em agosto<\/strong><\/p>\n<figure id=\"attachment_5137\" aria-describedby=\"caption-attachment-5137\" style=\"width: 290px\" class=\"wp-caption alignleft\"><a href=\"https:\/\/blogs.gazetaesportiva.com\/planeta-octogono\/files\/2013\/05\/thalesleites.jpg\"><img loading=\"lazy\" decoding=\"async\" class=\"size-full wp-image-5137 \" src=\"https:\/\/blogs.gazetaesportiva.com\/planeta-octogono\/files\/2013\/05\/thalesleites.jpg\" alt=\"\" width=\"290\" height=\"349\" \/><\/a><figcaption id=\"caption-attachment-5137\" class=\"wp-caption-text\">Thales Leites volta ao UFC em agosto - Arquivo Pessoal<\/figcaption><\/figure>\n<p>O lutador carioca Thales Leites est\u00e1 de volta ao UFC.<\/p>\n<p>O brasileiro que tinha confirmado em entrevista ao<strong> Planeta Oct\u00f3gono <\/strong>(<a href=\"https:\/\/blogs.gazetaesportiva.com\/planeta-octogono\/2013\/05\/01\/thales-leites-esta-de-volta-ao-mma-e-saiba-de-tudo-sobre-o-glory-8-e-wgp-kickboxing-no-red-corner\/\">Clique Aqui<\/a> para ouvir) que estava voltando ao MMA, foi escalado para enfrentar o lutador ingl\u00eas Tom Watson segundo blog &#8220;na Grade do MMA&#8221;.<\/p>\n<p>Thales que j\u00e1 chegou a lutar pelo cintur\u00e3o do evento contra Anderson Silva em 2009.<\/p>\n<p>O lutador ingl\u00eas vem de vit\u00f3ria sobre o b\u00falgaro Stanislav Nedkov na \u00faltima edi\u00e7\u00e3o do UFC em Londres.<\/p>\n<p><strong>Promessa ucraniana enfrenta australiano no UFC 164<\/strong><\/p>\n<figure id=\"attachment_5407\" aria-describedby=\"caption-attachment-5407\" style=\"width: 277px\" class=\"wp-caption alignright\"><a href=\"https:\/\/blogs.gazetaesportiva.com\/planeta-octogono\/files\/2013\/05\/nikita-krylovufc.jpg\"><img loading=\"lazy\" decoding=\"async\" class=\"size-full wp-image-5407 \" src=\"https:\/\/blogs.gazetaesportiva.com\/planeta-octogono\/files\/2013\/05\/nikita-krylovufc.jpg\" alt=\"\" width=\"277\" height=\"330\" \/><\/a><figcaption id=\"caption-attachment-5407\" class=\"wp-caption-text\">Ucraniano j\u00e1 tem estr\u00e9ia marcada no UFC - Arquivo Pessoal<\/figcaption><\/figure>\n<p>O lutador ucraniano Nikita Krylov ir\u00e1 fazer sua estr\u00e9ia nos Estados Unidos.<\/p>\n<p>Segundo o site Fight News Australia, o lutador ir\u00e1 enfrentar o australiano Soa Palelei no UFC 164, no dia 31 de agosto.<\/p>\n<p>Krylov \u00e9 invicto no MMA com 14 vit\u00f3rias e seu \u00faltimo combate foi no evento russo M-1 Challenge.<\/p>\n<p>Palelei faz sua volta ao UFC ap\u00f3s ser demitido em 2007, fazendo apenas uma luta e ser derrotado por Eddie Sanchez.<\/p>\n<p>O australiano superou a m\u00e1 fase e emplacou uma s\u00e9rie de 8 vit\u00f3rias por nocaute seguidas e conquistou uma nova oportunidade.<\/p>\n<p style=\"text-align: left\"><strong>&#8220;Homem Ambul\u00e2ncia&#8221; do TUF 17 volta a lutar no UFC on FOX Sports 1<\/strong><\/p>\n<p style=\"text-align: left\">\n<p style=\"text-align: left\">\n<figure id=\"attachment_5866\" aria-describedby=\"caption-attachment-5866\" style=\"width: 384px\" class=\"wp-caption alignleft\"><a href=\"https:\/\/blogs.gazetaesportiva.com\/planeta-octogono\/files\/2013\/05\/Uriah_hall_UFC.jpg\"><img loading=\"lazy\" decoding=\"async\" class=\"size-full wp-image-5866 \" src=\"https:\/\/blogs.gazetaesportiva.com\/planeta-octogono\/files\/2013\/05\/Uriah_hall_UFC.jpg\" alt=\"\" width=\"384\" height=\"216\" \/><\/a><figcaption id=\"caption-attachment-5866\" class=\"wp-caption-text\">Lutador \u00e9 conhecido no Brasil como &quot;Homem Ambul\u00e2ncia&quot; por mandar advers\u00e1rios ao hospital - Reprodu\u00e7\u00e3o Youtube<\/figcaption><\/figure>\n<p>Depois de ser derrotado para Kelvin Gastelum na final do TUF 17 Finale, o lutador Uriah Hall est\u00e1 de volta segundo a organiza\u00e7\u00e3o do UFC.<\/p>\n<p style=\"text-align: left\">Enfrentando o canadense Nick Ring no UFC on FOX Sports 1 que acontece na cidade de Boston no dia 17 de agosto, Hall \u00e9 conhecido pelos nocautes avassaladores que conquistou na edi\u00e7\u00e3o do reality show de lutas do UFC.<\/p>\n<p style=\"text-align: left\">O lutador protagonizou dois nocautes impressionantes sobre Adam Cella e Bubba McDaniel e chamou a aten\u00e7\u00e3o do p\u00fablico.<\/p>\n<p style=\"text-align: left\">J\u00e1 Nick Ring vem de derrota para o americano Chris Camozzi no UFC 158 e tenta se redimir enfrentando o americano.<\/p>\n<p style=\"text-align: left\">\n<p style=\"text-align: center\"><strong>Veja o nocaute mais impressionante de Uriah Hall no TUF 17:<\/strong><\/p>\n<p style=\"text-align: center\"><strong>[yframe url=&#8217;http:\/\/www.youtube.com\/watch?v=Bj3xL9zoY1M&#8217;]<\/strong><\/p>\n<div style=\"text-align: center\"><strong>Comente esta not\u00edcia, ou entre em contato conosco, para tirar d\u00favidas e nos ajudar a fazer este blog cada vez melhor.<\/strong><\/div>\n<div style=\"text-align: center\"><strong>Atrav\u00e9s do e- mail: planetaoctogono@gmail.com<\/strong><\/div>\n<div style=\"text-align: center\"><strong><br \/>\n<\/strong><\/div>\n<div style=\"text-align: center\"><strong>Siga nosso Physicbook &#8211; http:\/\/www.physicbook.com\/social\/usuario\/518006546eb1e\/<\/strong><\/div>\n<div style=\"text-align: center\"><strong>ou http:\/\/www.physicbook.com\/social\/grupos\/518a59c09838c\/<\/strong><\/div>\n<div style=\"text-align: center\"><strong><br \/>\n<\/strong><\/div>\n<div style=\"text-align: center\"><strong>Siga nosso Twitter &#8211; www.twitter.com\/BrMassami e comente sobre esta not\u00edcia!<\/strong><\/div>\n<div style=\"text-align: center\"><strong>Siga nosso Facebook \u00a0&#8211; http:\/\/www.facebook.com\/PlanetaOctogono<\/strong><\/div>\n","protected":false},"excerpt":{"rendered":"<p>O lutador brasileiro Edson Barboza (foto principal) teve seu advers\u00e1rio trocado ap\u00f3s uma les\u00e3o de John Makdessi. Edson que participa do UFC 162 que acontece <a class=\"read-more\" href=\"https:\/\/blogs.gazetaesportiva.com\/planeta-octogono\/2013\/05\/31\/round-extra-especial-combates-anunciados-no-ufc-nesta-semana\/\">leia mais<\/a><\/p>\n","protected":false},"author":33,"featured_media":5866,"comment_status":"open","ping_status":"open","sticky":false,"template":"","format":"standard","meta":{"jetpack_post_was_ever_published":false,"_jetpack_newsletter_access":"","_jetpack_dont_email_post_to_subs":false,"_jetpack_newsletter_tier_id":0,"_jetpack_memberships_contains_paywalled_content":false,"_jetpack_memberships_contains_paid_content":false,"footnotes":"","jetpack_publicize_message":"","jetpack_publicize_feature_enabled":true,"jetpack_social_post_already_shared":false,"jetpack_social_options":{"image_generator_settings":{"template":"highway","default_image_id":0,"font":"","enabled":false},"version":2}},"categories":[1],"tags":[],"class_list":["post-5860","post","type-post","status-publish","format-standard","has-post-thumbnail","hentry","category-principal"],"jetpack_publicize_connections":[],"jetpack_featured_media_url":"https:\/\/blogs.gazetaesportiva.com\/planeta-octogono\/files\/2013\/05\/Uriah_hall_UFC.jpg","jetpack_sharing_enabled":true,"jetpack_shortlink":"https:\/\/wp.me\/p6rqUQ-1ww","_links":{"self":[{"href":"https:\/\/blogs.gazetaesportiva.com\/planeta-octogono\/wp-json\/wp\/v2\/posts\/5860","targetHints":{"allow":["GET"]}}],"collection":[{"href":"https:\/\/blogs.gazetaesportiva.com\/planeta-octogono\/wp-json\/wp\/v2\/posts"}],"about":[{"href":"https:\/\/blogs.gazetaesportiva.com\/planeta-octogono\/wp-json\/wp\/v2\/types\/post"}],"author":[{"embeddable":true,"href":"https:\/\/blogs.gazetaesportiva.com\/planeta-octogono\/wp-json\/wp\/v2\/users\/33"}],"replies":[{"embeddable":true,"href":"https:\/\/blogs.gazetaesportiva.com\/planeta-octogono\/wp-json\/wp\/v2\/comments?post=5860"}],"version-history":[{"count":0,"href":"https:\/\/blogs.gazetaesportiva.com\/planeta-octogono\/wp-json\/wp\/v2\/posts\/5860\/revisions"}],"wp:featuredmedia":[{"embeddable":true,"href":"https:\/\/blogs.gazetaesportiva.com\/planeta-octogono\/wp-json\/wp\/v2\/media\/5866"}],"wp:attachment":[{"href":"https:\/\/blogs.gazetaesportiva.com\/planeta-octogono\/wp-json\/wp\/v2\/media?parent=5860"}],"wp:term":[{"taxonomy":"category","embeddable":true,"href":"https:\/\/blogs.gazetaesportiva.com\/planeta-octogono\/wp-json\/wp\/v2\/categories?post=5860"},{"taxonomy":"post_tag","embeddable":true,"href":"https:\/\/blogs.gazetaesportiva.com\/planeta-octogono\/wp-json\/wp\/v2\/tags?post=5860"}],"curies":[{"name":"wp","href":"https:\/\/api.w.org\/{rel}","templated":true}]}}